{"id":96977,"date":"2025-06-26T23:33:41","date_gmt":"2025-06-26T23:33:41","guid":{"rendered":"https:\/\/estado29.mx\/?p=96977"},"modified":"2025-06-26T23:33:41","modified_gmt":"2025-06-26T23:33:41","slug":"encabeza-rector-de-la-uatx-festejo-del-dia-de-la-madre-y-del-padre-de-afiliados-al-steieset","status":"publish","type":"post","link":"https:\/\/estado29.mx\/?p=96977","title":{"rendered":"Encabeza Rector de la UATx festejo del \u201cD\u00eda de la Madre y del Padre\u201d de afiliados al STEIESET"},"content":{"rendered":"<figure class=\"wp-block-post-featured-image\"><img loading=\"lazy\" decoding=\"async\" width=\"2560\" height=\"1707\" src=\"https:\/\/estado29.mx\/wp-content\/uploads\/2025\/06\/25-Encabeza-Rector-de-la-UATx-festejo-del-Dia-de-la-Madre-y-del-Padre-de-afiliados-al-STEIESET-4-scaled.jpg\" class=\"attachment-post-thumbnail size-post-thumbnail wp-post-image\" alt=\"\" style=\"object-fit:cover;\" srcset=\"https:\/\/estado29.mx\/wp-content\/uploads\/2025\/06\/25-Encabeza-Rector-de-la-UATx-festejo-del-Dia-de-la-Madre-y-del-Padre-de-afiliados-al-STEIESET-4-scaled.jpg 2560w, https:\/\/estado29.mx\/wp-content\/uploads\/2025\/06\/25-Encabeza-Rector-de-la-UATx-festejo-del-Dia-de-la-Madre-y-del-Padre-de-afiliados-al-STEIESET-4-300x200.jpg 300w, https:\/\/estado29.mx\/wp-content\/uploads\/2025\/06\/25-Encabeza-Rector-de-la-UATx-festejo-del-Dia-de-la-Madre-y-del-Padre-de-afiliados-al-STEIESET-4-1024x683.jpg 1024w, https:\/\/estado29.mx\/wp-content\/uploads\/2025\/06\/25-Encabeza-Rector-de-la-UATx-festejo-del-Dia-de-la-Madre-y-del-Padre-de-afiliados-al-STEIESET-4-768x512.jpg 768w, https:\/\/estado29.mx\/wp-content\/uploads\/2025\/06\/25-Encabeza-Rector-de-la-UATx-festejo-del-Dia-de-la-Madre-y-del-Padre-de-afiliados-al-STEIESET-4-1536x1024.jpg 1536w, https:\/\/estado29.mx\/wp-content\/uploads\/2025\/06\/25-Encabeza-Rector-de-la-UATx-festejo-del-Dia-de-la-Madre-y-del-Padre-de-afiliados-al-STEIESET-4-2048x1365.jpg 2048w, https:\/\/estado29.mx\/wp-content\/uploads\/2025\/06\/25-Encabeza-Rector-de-la-UATx-festejo-del-Dia-de-la-Madre-y-del-Padre-de-afiliados-al-STEIESET-4-750x500.jpg 750w, https:\/\/estado29.mx\/wp-content\/uploads\/2025\/06\/25-Encabeza-Rector-de-la-UATx-festejo-del-Dia-de-la-Madre-y-del-Padre-de-afiliados-al-STEIESET-4-1140x760.jpg 1140w\" sizes=\"auto, (max-width: 2560px) 100vw, 2560px\" \/><\/figure>\n\n\n<p>El talento y solidaridad de los trabajadores administrativos y de imagen permite un ambiente en donde impera la armon\u00eda y la organizaci\u00f3n en las diversas \u00e1reas de la Instituci\u00f3n para avanzar en su crecimiento, afirm\u00f3 el Doctor Seraf\u00edn Ortiz Ortiz, Rector de la Universidad Aut\u00f3noma de Tlaxcala (UATx), al encabezar la comida con motivo del \u201cD\u00eda de la Madre y del Padre\u201d, que organiz\u00f3 la dirigencia del Sindicato de Trabajadores y Empleados de Instituciones de Educaci\u00f3n Superior del Estado de Tlaxcala (STEIESET) que preside el Licenciado Edgar Israel Herrera Mart\u00ednez.<\/p>\n\n\n\n<p>En esta convivencia que tuvo lugar en conocido sal\u00f3n social de la capital tlaxcalteca, se cont\u00f3 con la participaci\u00f3n de madres y padres que son agremiados a este Sindicato, ah\u00ed, el Doctor Ortiz remarc\u00f3 que la Aut\u00f3noma de Tlaxcala a lo largo de su devenir hist\u00f3rico ha trascendido al transformar a la sociedad y su misi\u00f3n se fortalece a\u00fan m\u00e1s con su Modelo Humanista Integrador basado en Capacidades (MHIC), un modelo que es \u00fanico en su tipo que y que trasciende en los escenarios nacional e internacional.<\/p>\n\n\n\n<p>Por su parte, el Licenciado Edgar Israel Herrera Mart\u00ednez, Secretario General del STEIESET, acentu\u00f3 que el trabajo de la mam\u00e1 y el pap\u00e1 es fundamental para el desarrollo de las familias y, al ser la base primordial de la sociedad, son los encargados de transmitir valores como la honestidad y la responsabilidad, hecho que trasladan en su diario desempe\u00f1o a su \u00e1mbito laboral que es la Universidad Aut\u00f3noma de Tlaxcala.<\/p>\n\n\n\n<p>Los 548 agremiados festejados participaron en la rifa de obsequios como electrodom\u00e9sticos, pantallas, motonetas, bicicletas, rotomartillos y podadoras.<\/p>\n","protected":false},"excerpt":{"rendered":"<p>El talento y solidaridad de los trabajadores administrativos y de imagen permite un ambiente en donde impera la armon\u00eda y la organizaci\u00f3n en las diversas \u00e1reas de la Instituci\u00f3n para avanzar en su crecimiento, afirm\u00f3 el Doctor Seraf\u00edn Ortiz Ortiz, Rector de la Universidad Aut\u00f3noma de Tlaxcala (UATx), al encabezar la comida con motivo del [&hellip;]<\/p>\n","protected":false},"author":9,"featured_media":96978,"comment_status":"open","ping_status":"open","sticky":false,"template":"","format":"standard","meta":{"om_disable_all_campaigns":false,"_monsterinsights_skip_tracking":false,"_monsterinsights_sitenote_active":false,"_monsterinsights_sitenote_note":"","_monsterinsights_sitenote_category":0,"jnews-multi-image_gallery":[],"jnews_single_post":{"format":"standard"},"jnews_primary_category":[],"footnotes":""},"categories":[1],"tags":[],"class_list":["post-96977","post","type-post","status-publish","format-standard","has-post-thumbnail","hentry","category-uncategorized"],"aioseo_notices":[],"_links":{"self":[{"href":"https:\/\/estado29.mx\/index.php?rest_route=\/wp\/v2\/posts\/96977","targetHints":{"allow":["GET"]}}],"collection":[{"href":"https:\/\/estado29.mx\/index.php?rest_route=\/wp\/v2\/posts"}],"about":[{"href":"https:\/\/estado29.mx\/index.php?rest_route=\/wp\/v2\/types\/post"}],"author":[{"embeddable":true,"href":"https:\/\/estado29.mx\/index.php?rest_route=\/wp\/v2\/users\/9"}],"replies":[{"embeddable":true,"href":"https:\/\/estado29.mx\/index.php?rest_route=%2Fwp%2Fv2%2Fcomments&post=96977"}],"version-history":[{"count":1,"href":"https:\/\/estado29.mx\/index.php?rest_route=\/wp\/v2\/posts\/96977\/revisions"}],"predecessor-version":[{"id":96979,"href":"https:\/\/estado29.mx\/index.php?rest_route=\/wp\/v2\/posts\/96977\/revisions\/96979"}],"wp:featuredmedia":[{"embeddable":true,"href":"https:\/\/estado29.mx\/index.php?rest_route=\/wp\/v2\/media\/96978"}],"wp:attachment":[{"href":"https:\/\/estado29.mx\/index.php?rest_route=%2Fwp%2Fv2%2Fmedia&parent=96977"}],"wp:term":[{"taxonomy":"category","embeddable":true,"href":"https:\/\/estado29.mx\/index.php?rest_route=%2Fwp%2Fv2%2Fcategories&post=96977"},{"taxonomy":"post_tag","embeddable":true,"href":"https:\/\/estado29.mx\/index.php?rest_route=%2Fwp%2Fv2%2Ftags&post=96977"}],"curies":[{"name":"wp","href":"https:\/\/api.w.org\/{rel}","templated":true}]}}