{"id":96980,"date":"2025-06-26T23:34:50","date_gmt":"2025-06-26T23:34:50","guid":{"rendered":"https:\/\/estado29.mx\/?p=96980"},"modified":"2025-06-26T23:34:51","modified_gmt":"2025-06-26T23:34:51","slug":"filosofia-y-letras-uatx-publica-nuevo-numero-de-%f0%9d%90%8f%f0%9d%90%a2%f0%9d%90%ab%f0%9d%90%9a%f0%9d%90%a7%f0%9d%90%9d%f0%9d%90%9a%f0%9d%90%a7%f0%9d%90%ad%f0%9d%90%9e","status":"publish","type":"post","link":"https:\/\/estado29.mx\/?p=96980","title":{"rendered":"Filosof\u00eda y Letras UATx publica nuevo n\u00famero de \ud835\udc0f\ud835\udc22\ud835\udc2b\ud835\udc1a\ud835\udc27\ud835\udc1d\ud835\udc1a\ud835\udc27\ud835\udc2d\ud835\udc1e"},"content":{"rendered":"<figure class=\"wp-block-post-featured-image\"><img loading=\"lazy\" decoding=\"async\" width=\"940\" height=\"788\" src=\"https:\/\/estado29.mx\/wp-content\/uploads\/2025\/06\/25-Filosofia-y-Letras-UATx-publica-nuevo-numero-de-\ud835\udc0f\ud835\udc22\ud835\udc2b\ud835\udc1a\ud835\udc27\ud835\udc1d\ud835\udc1a\ud835\udc27\ud835\udc2d\ud835\udc1e-2.jpeg\" class=\"attachment-post-thumbnail size-post-thumbnail wp-post-image\" alt=\"\" style=\"object-fit:cover;\" srcset=\"https:\/\/estado29.mx\/wp-content\/uploads\/2025\/06\/25-Filosofia-y-Letras-UATx-publica-nuevo-numero-de-\ud835\udc0f\ud835\udc22\ud835\udc2b\ud835\udc1a\ud835\udc27\ud835\udc1d\ud835\udc1a\ud835\udc27\ud835\udc2d\ud835\udc1e-2.jpeg 940w, https:\/\/estado29.mx\/wp-content\/uploads\/2025\/06\/25-Filosofia-y-Letras-UATx-publica-nuevo-numero-de-\ud835\udc0f\ud835\udc22\ud835\udc2b\ud835\udc1a\ud835\udc27\ud835\udc1d\ud835\udc1a\ud835\udc27\ud835\udc2d\ud835\udc1e-2-300x251.jpeg 300w, https:\/\/estado29.mx\/wp-content\/uploads\/2025\/06\/25-Filosofia-y-Letras-UATx-publica-nuevo-numero-de-\ud835\udc0f\ud835\udc22\ud835\udc2b\ud835\udc1a\ud835\udc27\ud835\udc1d\ud835\udc1a\ud835\udc27\ud835\udc2d\ud835\udc1e-2-768x644.jpeg 768w, https:\/\/estado29.mx\/wp-content\/uploads\/2025\/06\/25-Filosofia-y-Letras-UATx-publica-nuevo-numero-de-\ud835\udc0f\ud835\udc22\ud835\udc2b\ud835\udc1a\ud835\udc27\ud835\udc1d\ud835\udc1a\ud835\udc27\ud835\udc2d\ud835\udc1e-2-750x629.jpeg 750w\" sizes=\"auto, (max-width: 940px) 100vw, 940px\" \/><\/figure>\n\n\n<p>\u00fc \ud835\udc11\ud835\udc1e\ud835\udc2f\ud835\udc22\ud835\udc2c\ud835\udc2d\ud835\udc1a \ud835\udc1d\ud835\udc1e \ud835\udc0b\ud835\udc1e\ud835\udc27\ud835\udc20\ud835\udc2e\ud835\udc1a \ud835\udc32 \ud835\udc0b\ud835\udc22\ud835\udc2d\ud835\udc1e\ud835\udc2b\ud835\udc1a\ud835\udc2d\ud835\udc2e\ud835\udc2b\ud835\udc1a \ud835\udc07\ud835\udc22\ud835\udc2c\ud835\udc29\ud835\udc1a\ud835\udc27\ud835\udc28\ud835\udc1a\ud835\udc26\ud835\udc1e\ud835\udc2b\ud835\udc22\ud835\udc1c\ud835\udc1a\ud835\udc27\ud835\udc1a<\/p>\n\n\n\n<p>El nuevo n\u00famero de \ud835\udc0f\ud835\udc22\ud835\udc2b\ud835\udc1a\ud835\udc27\ud835\udc1d\ud835\udc1a\ud835\udc27\ud835\udc2d\ud835\udc1e. \ud835\udc11\ud835\udc1e\ud835\udc2f\ud835\udc22\ud835\udc2c\ud835\udc2d\ud835\udc1a \ud835\udc1d\ud835\udc1e \ud835\udc0b\ud835\udc1e\ud835\udc27\ud835\udc20\ud835\udc2e\ud835\udc1a \ud835\udc32 \ud835\udc0b\ud835\udc22\ud835\udc2d\ud835\udc1e\ud835\udc2b\ud835\udc1a\ud835\udc2d\ud835\udc2e\ud835\udc2b\ud835\udc1a \ud835\udc07\ud835\udc22\ud835\udc2c\ud835\udc29\ud835\udc1a\ud835\udc27\ud835\udc28\ud835\udc1a\ud835\udc26\ud835\udc1e\ud835\udc2b\ud835\udc22\ud835\udc1c\ud835\udc1a\ud835\udc27\ud835\udc1a de la Facultad de Filosof\u00eda y Letras de la Universidad Aut\u00f3noma de Tlaxcala (UATx) ya se puede consultar en l\u00ednea y contiene temas sobre maternidad, cuerpo y poes\u00eda feminista latinoamericana, acompa\u00f1ados de rese\u00f1as literarias y acad\u00e9micas de alto valor, y traducciones del griego antiguo y del alem\u00e1n, entre las que destaca la segunda parte de \ud835\udc15\ud835\udc1e\ud835\udc2b\ud835\udc1d\ud835\udc1a\ud835\udc1d \ud835\udc32 \ud835\udc26\ud835\udc1e\u0301\ud835\udc2d\ud835\udc28\ud835\udc1d\ud835\udc28, de Hans-Georg Gadamer.<\/p>\n\n\n\n<p>En la reciente edici\u00f3n que corresponde al periodo enero-junio de 2025, \ud835\udc0f\ud835\udc22\ud835\udc2b\ud835\udc1a\ud835\udc27\ud835\udc1d\ud835\udc1a\ud835\udc27\ud835\udc2d\ud835\udc1e reafirma su compromiso con la divulgaci\u00f3n acad\u00e9mica de calidad al abordar temas actuales desde perspectivas cr\u00edticas y diversas. Adem\u00e1s, como resultado del trabajo constante a lo largo de m\u00e1s de siete a\u00f1os de su equipo editorial, comit\u00e9 cient\u00edfico y autoridades universitarias, la revista se incorpor\u00f3 al \ud835\udc02\ud835\udc1a\ud835\udc2d\ud835\udc1a\u0301\ud835\udc25\ud835\udc28\ud835\udc20\ud835\udc28 \ud835\udfd0.\ud835\udfce \ud835\udc1d\ud835\udc1e \ud835\udc0b\ud835\udc1a\ud835\udc2d\ud835\udc22\ud835\udc27\ud835\udc1d\ud835\udc1e\ud835\udc31 y ahora cuenta con perfil en \ud835\udc06\ud835\udc28\ud835\udc28\ud835\udc20\ud835\udc25\ud835\udc1e \ud835\udc00\ud835\udc1c\ud835\udc1a\ud835\udc1d\ud835\udc1e\u0301\ud835\udc26\ud835\udc22\ud835\udc1c\ud835\udc28, lo que ampl\u00eda y fortalece su visibilidad y alcance internacional.<\/p>\n\n\n\n<p>De igual forma, el n\u00famero 15 de \ud835\udc0f\ud835\udc22\ud835\udc2b\ud835\udc1a\ud835\udc27\ud835\udc1d\ud835\udc1a\ud835\udc27\ud835\udc2d\ud835\udc1e tambi\u00e9n incluye el monogr\u00e1fico \ud835\udc08\ud835\udc26\ud835\udc1a\ud835\udc20\ud835\udc22\ud835\udc27\ud835\udc1a\ud835\udc2b\ud835\udc22\ud835\udc28\ud835\udc2c \ud835\udc25\ud835\udc22\ud835\udc2d\ud835\udc1e\ud835\udc2b\ud835\udc1a\ud835\udc2b\ud835\udc22\ud835\udc28\ud835\udc2c \ud835\udc32 \ud835\udc1c\ud835\udc2e\ud835\udc25\ud835\udc2d\ud835\udc2e\ud835\udc2b\ud835\udc1a\ud835\udc25\ud835\udc1e\ud835\udc2c \ud835\udc1d\ud835\udc1e\ud835\udc25 \ud835\udc26\ud835\udc1a\ud835\udc2b\ud835\udc20\ud835\udc1e\ud835\udc27: \ud835\udc1d\ud835\udc1e\ud835\udc1c\ud835\udc28\ud835\udc27\ud835\udc2c\ud835\udc2d\ud835\udc2b\ud835\udc2e\ud835\udc22\ud835\udc2b \ud835\udc25\ud835\udc1a\ud835\udc2c \ud835\udc21\ud835\udc1e\ud835\udc20\ud835\udc1e\ud835\udc26\ud835\udc28\ud835\udc27\ud835\udc22\u0301\ud835\udc1a\ud835\udc2c \ud835\udc29\ud835\udc1a\ud835\udc2b\ud835\udc1a \ud835\udc29\ud835\udc1e\ud835\udc27\ud835\udc2c\ud835\udc1a\ud835\udc2b \ud835\udc25\ud835\udc1a \ud835\udc1d\ud835\udc22\ud835\udc2c\ud835\udc22\ud835\udc1d\ud835\udc1e\ud835\udc27\ud835\udc1c\ud835\udc22\ud835\udc1a, coordinado por Julia Eissa, Naomi Moussounda y Nicolas Piedade.<\/p>\n\n\n\n<p>Este logro editorial refleja el esfuerzo conjunto de autores, lectores, el comit\u00e9 editorial y la comunidad universitaria de la Aut\u00f3noma de Tlaxcala que respaldan este valioso proyecto.<\/p>\n\n\n\n<p>La publicaci\u00f3n est\u00e1 disponible en la siguiente liga:<\/p>\n\n\n\n<figure class=\"wp-block-embed\"><div class=\"wp-block-embed__wrapper\">\nhttps:\/\/pirandante.com.mx\/index.php\/pirandante\/issue\/view\/21\n<\/div><\/figure>\n","protected":false},"excerpt":{"rendered":"<p>\u00fc \ud835\udc11\ud835\udc1e\ud835\udc2f\ud835\udc22\ud835\udc2c\ud835\udc2d\ud835\udc1a \ud835\udc1d\ud835\udc1e \ud835\udc0b\ud835\udc1e\ud835\udc27\ud835\udc20\ud835\udc2e\ud835\udc1a \ud835\udc32 \ud835\udc0b\ud835\udc22\ud835\udc2d\ud835\udc1e\ud835\udc2b\ud835\udc1a\ud835\udc2d\ud835\udc2e\ud835\udc2b\ud835\udc1a \ud835\udc07\ud835\udc22\ud835\udc2c\ud835\udc29\ud835\udc1a\ud835\udc27\ud835\udc28\ud835\udc1a\ud835\udc26\ud835\udc1e\ud835\udc2b\ud835\udc22\ud835\udc1c\ud835\udc1a\ud835\udc27\ud835\udc1a El nuevo n\u00famero de \ud835\udc0f\ud835\udc22\ud835\udc2b\ud835\udc1a\ud835\udc27\ud835\udc1d\ud835\udc1a\ud835\udc27\ud835\udc2d\ud835\udc1e. \ud835\udc11\ud835\udc1e\ud835\udc2f\ud835\udc22\ud835\udc2c\ud835\udc2d\ud835\udc1a \ud835\udc1d\ud835\udc1e \ud835\udc0b\ud835\udc1e\ud835\udc27\ud835\udc20\ud835\udc2e\ud835\udc1a \ud835\udc32 \ud835\udc0b\ud835\udc22\ud835\udc2d\ud835\udc1e\ud835\udc2b\ud835\udc1a\ud835\udc2d\ud835\udc2e\ud835\udc2b\ud835\udc1a \ud835\udc07\ud835\udc22\ud835\udc2c\ud835\udc29\ud835\udc1a\ud835\udc27\ud835\udc28\ud835\udc1a\ud835\udc26\ud835\udc1e\ud835\udc2b\ud835\udc22\ud835\udc1c\ud835\udc1a\ud835\udc27\ud835\udc1a de la Facultad de Filosof\u00eda y Letras de la Universidad Aut\u00f3noma de Tlaxcala (UATx) ya se puede consultar en l\u00ednea y contiene temas sobre maternidad, cuerpo y poes\u00eda feminista latinoamericana, acompa\u00f1ados de rese\u00f1as literarias y acad\u00e9micas de [&hellip;]<\/p>\n","protected":false},"author":9,"featured_media":96981,"comment_status":"open","ping_status":"open","sticky":false,"template":"","format":"standard","meta":{"om_disable_all_campaigns":false,"_monsterinsights_skip_tracking":false,"_monsterinsights_sitenote_active":false,"_monsterinsights_sitenote_note":"","_monsterinsights_sitenote_category":0,"jnews-multi-image_gallery":[],"jnews_single_post":{"format":"standard"},"jnews_primary_category":[],"footnotes":""},"categories":[1],"tags":[],"class_list":["post-96980","post","type-post","status-publish","format-standard","has-post-thumbnail","hentry","category-uncategorized"],"aioseo_notices":[],"_links":{"self":[{"href":"https:\/\/estado29.mx\/index.php?rest_route=\/wp\/v2\/posts\/96980","targetHints":{"allow":["GET"]}}],"collection":[{"href":"https:\/\/estado29.mx\/index.php?rest_route=\/wp\/v2\/posts"}],"about":[{"href":"https:\/\/estado29.mx\/index.php?rest_route=\/wp\/v2\/types\/post"}],"author":[{"embeddable":true,"href":"https:\/\/estado29.mx\/index.php?rest_route=\/wp\/v2\/users\/9"}],"replies":[{"embeddable":true,"href":"https:\/\/estado29.mx\/index.php?rest_route=%2Fwp%2Fv2%2Fcomments&post=96980"}],"version-history":[{"count":1,"href":"https:\/\/estado29.mx\/index.php?rest_route=\/wp\/v2\/posts\/96980\/revisions"}],"predecessor-version":[{"id":96982,"href":"https:\/\/estado29.mx\/index.php?rest_route=\/wp\/v2\/posts\/96980\/revisions\/96982"}],"wp:featuredmedia":[{"embeddable":true,"href":"https:\/\/estado29.mx\/index.php?rest_route=\/wp\/v2\/media\/96981"}],"wp:attachment":[{"href":"https:\/\/estado29.mx\/index.php?rest_route=%2Fwp%2Fv2%2Fmedia&parent=96980"}],"wp:term":[{"taxonomy":"category","embeddable":true,"href":"https:\/\/estado29.mx\/index.php?rest_route=%2Fwp%2Fv2%2Fcategories&post=96980"},{"taxonomy":"post_tag","embeddable":true,"href":"https:\/\/estado29.mx\/index.php?rest_route=%2Fwp%2Fv2%2Ftags&post=96980"}],"curies":[{"name":"wp","href":"https:\/\/api.w.org\/{rel}","templated":true}]}}