{"id":96998,"date":"2025-06-30T13:20:43","date_gmt":"2025-06-30T13:20:43","guid":{"rendered":"https:\/\/estado29.mx\/?p=96998"},"modified":"2025-06-30T13:20:44","modified_gmt":"2025-06-30T13:20:44","slug":"implementa-tlaxcala-operativo-de-salud-para-evento-ciclista-letape-tlaxcala-by-tour-de-france","status":"publish","type":"post","link":"https:\/\/estado29.mx\/?p=96998","title":{"rendered":"Implementa Tlaxcala operativo de salud para evento ciclista l\u2019\u00e9tape Tlaxcala by tour de France"},"content":{"rendered":"\n<p><\/p>\n\n\n\n<p>\u2022La SESA se mantendr\u00e1 arenta para atender ciclistas, en caso de ser necesario, en hospitales, con personal m\u00e9dico, param\u00e9dico y ambulancias<\/p>\n\n\n\n<p>El Gobierno del Estado de Tlaxcala, a trav\u00e9s de la Secretar\u00eda de Salud (SESA), implement\u00f3 un operativo de salud para atender, en caso de una emergencia m\u00e9dica, a los deportistas y personas que lo requieran antes, durante y despu\u00e9s del evento ciclista de talla internacional L\u2019\u00c9tape Tlaxcala by Tour de France, que iniciar\u00e1 a las 6:30 horas de este domingo 29 de junio por las vialidades y carreteras de la entidad.<\/p>\n\n\n\n<p>La administraci\u00f3n estatal, que encabeza la gobernadora Lorena Cu\u00e9llar Cisneros, design\u00f3 a los Hospitales IMSS-Bienestar General de Tlaxcala \u201cLic. Anselmo Cervantes Hern\u00e1ndez\u201d, General Regional de Tzompantepec \u201cEmilio S\u00e1nchez Piedras\u201d y Hospital General de Huamantla como hospitales sede, con el objetivo de la recepci\u00f3n de deportistas que requieran de una emergencia m\u00e9dica.<\/p>\n\n\n\n<p>Adem\u00e1s, a trav\u00e9s del Centro Regulador de Urgencias M\u00e9dicas de Tlaxcala (CRUMT) realizar\u00e1 actividades coordinadas con el Instituto Tlaxcalteca del Deporte (IDET), por lo que tres ambulancias de terapia intensiva y personal acompa\u00f1aran directamente la competencia.<\/p>\n\n\n\n<p>Tambi\u00e9n participar\u00e1n coordinadamente con los servicios m\u00e9dicos particulares de la carrera, seguimiento de la competencia ciclista con personal desde el C5i, as\u00ed como personal disponible para la regulaci\u00f3n y atenci\u00f3n de incidentes mayores, hasta que culmine el operativo aproximadamente a las 14:00 horas.<\/p>\n\n\n\n<p>Con estas y otras acciones y otras en materia de seguridad, el Gobierno de Tlaxcala, establece las condiciones para el desarrollo de la competencia ciclista L\u2019\u00c9tape Tlaxcala by Tour de France, de car\u00e1cter internacional.<\/p>\n","protected":false},"excerpt":{"rendered":"<p>\u2022La SESA se mantendr\u00e1 arenta para atender ciclistas, en caso de ser necesario, en hospitales, con personal m\u00e9dico, param\u00e9dico y ambulancias El Gobierno del Estado de Tlaxcala, a trav\u00e9s de la Secretar\u00eda de Salud (SESA), implement\u00f3 un operativo de salud para atender, en caso de una emergencia m\u00e9dica, a los deportistas y personas que lo [&hellip;]<\/p>\n","protected":false},"author":4,"featured_media":96999,"comment_status":"open","ping_status":"open","sticky":false,"template":"","format":"standard","meta":{"om_disable_all_campaigns":false,"_monsterinsights_skip_tracking":false,"_monsterinsights_sitenote_active":false,"_monsterinsights_sitenote_note":"","_monsterinsights_sitenote_category":0,"jnews-multi-image_gallery":[],"jnews_single_post":{"format":"standard"},"jnews_primary_category":[],"footnotes":""},"categories":[1],"tags":[],"class_list":["post-96998","post","type-post","status-publish","format-standard","has-post-thumbnail","hentry","category-uncategorized"],"aioseo_notices":[],"_links":{"self":[{"href":"https:\/\/estado29.mx\/index.php?rest_route=\/wp\/v2\/posts\/96998","targetHints":{"allow":["GET"]}}],"collection":[{"href":"https:\/\/estado29.mx\/index.php?rest_route=\/wp\/v2\/posts"}],"about":[{"href":"https:\/\/estado29.mx\/index.php?rest_route=\/wp\/v2\/types\/post"}],"author":[{"embeddable":true,"href":"https:\/\/estado29.mx\/index.php?rest_route=\/wp\/v2\/users\/4"}],"replies":[{"embeddable":true,"href":"https:\/\/estado29.mx\/index.php?rest_route=%2Fwp%2Fv2%2Fcomments&post=96998"}],"version-history":[{"count":1,"href":"https:\/\/estado29.mx\/index.php?rest_route=\/wp\/v2\/posts\/96998\/revisions"}],"predecessor-version":[{"id":97000,"href":"https:\/\/estado29.mx\/index.php?rest_route=\/wp\/v2\/posts\/96998\/revisions\/97000"}],"wp:featuredmedia":[{"embeddable":true,"href":"https:\/\/estado29.mx\/index.php?rest_route=\/wp\/v2\/media\/96999"}],"wp:attachment":[{"href":"https:\/\/estado29.mx\/index.php?rest_route=%2Fwp%2Fv2%2Fmedia&parent=96998"}],"wp:term":[{"taxonomy":"category","embeddable":true,"href":"https:\/\/estado29.mx\/index.php?rest_route=%2Fwp%2Fv2%2Fcategories&post=96998"},{"taxonomy":"post_tag","embeddable":true,"href":"https:\/\/estado29.mx\/index.php?rest_route=%2Fwp%2Fv2%2Ftags&post=96998"}],"curies":[{"name":"wp","href":"https:\/\/api.w.org\/{rel}","templated":true}]}}