{"id":97004,"date":"2025-06-30T18:40:47","date_gmt":"2025-06-30T18:40:47","guid":{"rendered":"https:\/\/estado29.mx\/?p=97004"},"modified":"2025-06-30T18:40:47","modified_gmt":"2025-06-30T18:40:47","slug":"guardia-nacional-celebra-sexto-aniversario-con-cabalgata-y-exhibiciones-en-santa-maria-capulac-tetla","status":"publish","type":"post","link":"https:\/\/estado29.mx\/?p=97004","title":{"rendered":"Guardia Nacional celebra Sexto Aniversario con cabalgata y exhibiciones en Santa Mar\u00eda Capulac, Tetla."},"content":{"rendered":"\n<p>La Guardia Nacional conmemor\u00f3 este domingo su sexto aniversario con una vibrante cabalgata y una serie de actividades interactivas en la localidad de Santa Mar\u00eda Capulac, perteneciente al municipio de Tetla.<\/p>\n\n\n\n<p>El evento, que congreg\u00f3 a aproximadamente 450 personas, sirvi\u00f3 para reforzar la cercan\u00eda de la instituci\u00f3n con la ciudadan\u00eda.<\/p>\n\n\n\n<p>La celebraci\u00f3n, organizada en coordinaci\u00f3n con la Asociaci\u00f3n Tlaxcala Caballo, incluy\u00f3 un desfile ecuestre. Adem\u00e1s de la cabalgata, los asistentes pudieron disfrutar de m\u00f3dulos de exhibici\u00f3n de equipo t\u00e1ctico (Vtop-GN), demostraciones de binomios can\u00f3filos, una galer\u00eda fotogr\u00e1fica que repas\u00f3 la historia y labor de la Guardia Nacional, y una muestra de veh\u00edculos oficiales.<\/p>\n\n\n\n<p>Para los m\u00e1s peque\u00f1os, se ofrecieron diversas actividades recreativas infantiles, creando un ambiente familiar y festivo.<\/p>\n\n\n\n<p>Es importante mencionar que el 30 de junio de cada a\u00f1o fue oficializado como el d\u00eda de la Guardia Nacional, en reconocimiento al inicio de sus operaciones en 2019.<\/p>\n","protected":false},"excerpt":{"rendered":"<p>La Guardia Nacional conmemor\u00f3 este domingo su sexto aniversario con una vibrante cabalgata y una serie de actividades interactivas en la localidad de Santa Mar\u00eda Capulac, perteneciente al municipio de Tetla. El evento, que congreg\u00f3 a aproximadamente 450 personas, sirvi\u00f3 para reforzar la cercan\u00eda de la instituci\u00f3n con la ciudadan\u00eda. La celebraci\u00f3n, organizada en coordinaci\u00f3n [&hellip;]<\/p>\n","protected":false},"author":5,"featured_media":97005,"comment_status":"open","ping_status":"open","sticky":false,"template":"","format":"standard","meta":{"om_disable_all_campaigns":false,"_monsterinsights_skip_tracking":false,"_monsterinsights_sitenote_active":false,"_monsterinsights_sitenote_note":"","_monsterinsights_sitenote_category":0,"jnews-multi-image_gallery":[],"jnews_single_post":{"format":"standard"},"jnews_primary_category":[],"footnotes":""},"categories":[1],"tags":[],"class_list":["post-97004","post","type-post","status-publish","format-standard","has-post-thumbnail","hentry","category-uncategorized"],"aioseo_notices":[],"_links":{"self":[{"href":"https:\/\/estado29.mx\/index.php?rest_route=\/wp\/v2\/posts\/97004","targetHints":{"allow":["GET"]}}],"collection":[{"href":"https:\/\/estado29.mx\/index.php?rest_route=\/wp\/v2\/posts"}],"about":[{"href":"https:\/\/estado29.mx\/index.php?rest_route=\/wp\/v2\/types\/post"}],"author":[{"embeddable":true,"href":"https:\/\/estado29.mx\/index.php?rest_route=\/wp\/v2\/users\/5"}],"replies":[{"embeddable":true,"href":"https:\/\/estado29.mx\/index.php?rest_route=%2Fwp%2Fv2%2Fcomments&post=97004"}],"version-history":[{"count":1,"href":"https:\/\/estado29.mx\/index.php?rest_route=\/wp\/v2\/posts\/97004\/revisions"}],"predecessor-version":[{"id":97006,"href":"https:\/\/estado29.mx\/index.php?rest_route=\/wp\/v2\/posts\/97004\/revisions\/97006"}],"wp:featuredmedia":[{"embeddable":true,"href":"https:\/\/estado29.mx\/index.php?rest_route=\/wp\/v2\/media\/97005"}],"wp:attachment":[{"href":"https:\/\/estado29.mx\/index.php?rest_route=%2Fwp%2Fv2%2Fmedia&parent=97004"}],"wp:term":[{"taxonomy":"category","embeddable":true,"href":"https:\/\/estado29.mx\/index.php?rest_route=%2Fwp%2Fv2%2Fcategories&post=97004"},{"taxonomy":"post_tag","embeddable":true,"href":"https:\/\/estado29.mx\/index.php?rest_route=%2Fwp%2Fv2%2Ftags&post=97004"}],"curies":[{"name":"wp","href":"https:\/\/api.w.org\/{rel}","templated":true}]}}