{"id":97028,"date":"2025-07-01T19:58:45","date_gmt":"2025-07-01T19:58:45","guid":{"rendered":"https:\/\/estado29.mx\/?p=97028"},"modified":"2025-07-01T19:58:45","modified_gmt":"2025-07-01T19:58:45","slug":"padre-exige-a-la-fjge-actuar-con-prontitud-ante-supuesto-caso-de-intento-de-vi0l4ci0n-en-zacatelco","status":"publish","type":"post","link":"https:\/\/estado29.mx\/?p=97028","title":{"rendered":"Padre exige a la FJGE actuar con prontitud ante supuesto caso de intento de vi0l4ci0n en Zacatelco."},"content":{"rendered":"\n<p>Un padre de familia ha solicitado a las autoridades correspondientes as\u00ed como a la Fiscal\u00eda General de Justicia del Estado de Tlaxcala, actuar con prontitud ante el supuesto caso de intento de vi0l4ci0n en el municipio de Zacatelco.<\/p>\n\n\n\n<p>A decir de la parte afectada su hija con iniciales E.T.M fue v\u00edctima de qui\u00e9n era su jefe en un establecimiento denominado \u201cMicheladas Camino Real\u201d ubicado en Zacatelco.&nbsp;<\/p>\n\n\n\n<p>\u201cEl d\u00eda martes 10 de Junio de 2025, fui v\u00edctima de este sujeto, me encontraba trabajando en dicho negocio, ese d\u00eda s\u00f3lo nos encontr\u00e1bamos 3 personas, yo me encontr\u00e9 con este se\u00f1or abajo de la tienda, por que me quer\u00eda hacer trabajar toda la semana sin d\u00eda de descanso, a lo que yo lo busqu\u00e9 para hablar con el, el tipo empez\u00f3 a abrazarme, un abrazo que al principio fue ingenuo, dej\u00f3 de serlo cuando empez\u00f3 a pegarme a su cuerpo\u2026 su esposa lleg\u00f3 y me solt\u00f3, le cont\u00e9 a la se\u00f1ora de la cocina y su \u00fanica respuesta fue \u201cno es la primera vez que me lo dicen\u201d Redacto la v\u00edctima.&nbsp;<\/p>\n\n\n\n<p>A decir del padre de la joven E.T.M a pesar de la acusaci\u00f3n directa y la denuncia presentada ante las autoridades no se ha actuado, solicitando el apoyo para evitar el sujeto contin\u00fae aprovech\u00e1ndose de las situaciones o de quienes trabajan en ese lugar.&nbsp;<\/p>\n","protected":false},"excerpt":{"rendered":"<p>Un padre de familia ha solicitado a las autoridades correspondientes as\u00ed como a la Fiscal\u00eda General de Justicia del Estado de Tlaxcala, actuar con prontitud ante el supuesto caso de intento de vi0l4ci0n en el municipio de Zacatelco. A decir de la parte afectada su hija con iniciales E.T.M fue v\u00edctima de qui\u00e9n era su [&hellip;]<\/p>\n","protected":false},"author":5,"featured_media":97029,"comment_status":"open","ping_status":"open","sticky":false,"template":"","format":"standard","meta":{"om_disable_all_campaigns":false,"_monsterinsights_skip_tracking":false,"_monsterinsights_sitenote_active":false,"_monsterinsights_sitenote_note":"","_monsterinsights_sitenote_category":0,"jnews-multi-image_gallery":[],"jnews_single_post":{"format":"standard"},"jnews_primary_category":[],"footnotes":""},"categories":[1],"tags":[],"class_list":["post-97028","post","type-post","status-publish","format-standard","has-post-thumbnail","hentry","category-uncategorized"],"aioseo_notices":[],"_links":{"self":[{"href":"https:\/\/estado29.mx\/index.php?rest_route=\/wp\/v2\/posts\/97028","targetHints":{"allow":["GET"]}}],"collection":[{"href":"https:\/\/estado29.mx\/index.php?rest_route=\/wp\/v2\/posts"}],"about":[{"href":"https:\/\/estado29.mx\/index.php?rest_route=\/wp\/v2\/types\/post"}],"author":[{"embeddable":true,"href":"https:\/\/estado29.mx\/index.php?rest_route=\/wp\/v2\/users\/5"}],"replies":[{"embeddable":true,"href":"https:\/\/estado29.mx\/index.php?rest_route=%2Fwp%2Fv2%2Fcomments&post=97028"}],"version-history":[{"count":1,"href":"https:\/\/estado29.mx\/index.php?rest_route=\/wp\/v2\/posts\/97028\/revisions"}],"predecessor-version":[{"id":97030,"href":"https:\/\/estado29.mx\/index.php?rest_route=\/wp\/v2\/posts\/97028\/revisions\/97030"}],"wp:featuredmedia":[{"embeddable":true,"href":"https:\/\/estado29.mx\/index.php?rest_route=\/wp\/v2\/media\/97029"}],"wp:attachment":[{"href":"https:\/\/estado29.mx\/index.php?rest_route=%2Fwp%2Fv2%2Fmedia&parent=97028"}],"wp:term":[{"taxonomy":"category","embeddable":true,"href":"https:\/\/estado29.mx\/index.php?rest_route=%2Fwp%2Fv2%2Fcategories&post=97028"},{"taxonomy":"post_tag","embeddable":true,"href":"https:\/\/estado29.mx\/index.php?rest_route=%2Fwp%2Fv2%2Ftags&post=97028"}],"curies":[{"name":"wp","href":"https:\/\/api.w.org\/{rel}","templated":true}]}}