{"id":97031,"date":"2025-07-01T20:30:34","date_gmt":"2025-07-01T20:30:34","guid":{"rendered":"https:\/\/estado29.mx\/?p=97031"},"modified":"2025-07-01T20:30:35","modified_gmt":"2025-07-01T20:30:35","slug":"arranca-ssc-obras-en-la-lima-el-molino-y-agricola-san-martin-notario-en-huamantla","status":"publish","type":"post","link":"https:\/\/estado29.mx\/?p=97031","title":{"rendered":"Arranca SSC obras en La Lima, El Molino y Agr\u00edcola San Mart\u00edn Notario en Huamantla."},"content":{"rendered":"\n<p>Paco Ugarte.<\/p>\n\n\n\n<p>El Presidente Municipal de Huamantla, Salvador Santos Cedillo, acompa\u00f1ado de integrantes de cabildo, inici\u00f3 con una gira de trabajo para dar paso a las obras que habr\u00e1n de desarrollarse en las 39 comunidades y la cabecera municipal.<\/p>\n\n\n\n<p>En este martes fue el turno de la Rancher\u00eda La Lima, donde se inici\u00f3 la construcci\u00f3n de un tanque p\u00fablico de agua potable que beneficiar\u00e1 al rededor de 250 habitantes y tendr\u00e1 una inversi\u00f3n de 451,060.00 pesos, provenientes de Fondo de Aportaci\u00f3nes para la Infraestructura Social Municipal y de las Demarcaci\u00f3nes Territoriales del Distrito Federal (FAISMUN).<\/p>\n\n\n\n<p>En la Rancher\u00eda El Molino, el representaci\u00f3n del alcalde Santos Cedillo, la directora de obras p\u00fablicas, Tania D\u00edaz, abander\u00f3 los trabajos para la construcci\u00f3n del camino que da acceso a dicha localidad.<\/p>\n\n\n\n<p>Con una inversi\u00f3n de 1,217,170.00 pesos, se lograr\u00e1 beneficiar a los habitantes no solo de Rancher\u00eda La Lima, sino de Benito Ju\u00e1rez y otras.&nbsp;<\/p>\n\n\n\n<p>Por \u00faltimo el alcalde dio el banderazo de inicio de obra en la calle Juan Pablo II en la comunidad de Agr\u00edcola de San Mart\u00edn Notario, la cual consistir\u00e1 en la colocaci\u00f3n de pavimento de adoqu\u00edn, guarniciones y banquetas con una inversi\u00f3n total de 378,950.00 pesos.&nbsp;<\/p>\n","protected":false},"excerpt":{"rendered":"<p>Paco Ugarte. El Presidente Municipal de Huamantla, Salvador Santos Cedillo, acompa\u00f1ado de integrantes de cabildo, inici\u00f3 con una gira de trabajo para dar paso a las obras que habr\u00e1n de desarrollarse en las 39 comunidades y la cabecera municipal. En este martes fue el turno de la Rancher\u00eda La Lima, donde se inici\u00f3 la construcci\u00f3n [&hellip;]<\/p>\n","protected":false},"author":5,"featured_media":97032,"comment_status":"open","ping_status":"open","sticky":false,"template":"","format":"standard","meta":{"om_disable_all_campaigns":false,"_monsterinsights_skip_tracking":false,"_monsterinsights_sitenote_active":false,"_monsterinsights_sitenote_note":"","_monsterinsights_sitenote_category":0,"jnews-multi-image_gallery":[],"jnews_single_post":{"format":"standard"},"jnews_primary_category":[],"footnotes":""},"categories":[1],"tags":[],"class_list":["post-97031","post","type-post","status-publish","format-standard","has-post-thumbnail","hentry","category-uncategorized"],"aioseo_notices":[],"_links":{"self":[{"href":"https:\/\/estado29.mx\/index.php?rest_route=\/wp\/v2\/posts\/97031","targetHints":{"allow":["GET"]}}],"collection":[{"href":"https:\/\/estado29.mx\/index.php?rest_route=\/wp\/v2\/posts"}],"about":[{"href":"https:\/\/estado29.mx\/index.php?rest_route=\/wp\/v2\/types\/post"}],"author":[{"embeddable":true,"href":"https:\/\/estado29.mx\/index.php?rest_route=\/wp\/v2\/users\/5"}],"replies":[{"embeddable":true,"href":"https:\/\/estado29.mx\/index.php?rest_route=%2Fwp%2Fv2%2Fcomments&post=97031"}],"version-history":[{"count":1,"href":"https:\/\/estado29.mx\/index.php?rest_route=\/wp\/v2\/posts\/97031\/revisions"}],"predecessor-version":[{"id":97033,"href":"https:\/\/estado29.mx\/index.php?rest_route=\/wp\/v2\/posts\/97031\/revisions\/97033"}],"wp:featuredmedia":[{"embeddable":true,"href":"https:\/\/estado29.mx\/index.php?rest_route=\/wp\/v2\/media\/97032"}],"wp:attachment":[{"href":"https:\/\/estado29.mx\/index.php?rest_route=%2Fwp%2Fv2%2Fmedia&parent=97031"}],"wp:term":[{"taxonomy":"category","embeddable":true,"href":"https:\/\/estado29.mx\/index.php?rest_route=%2Fwp%2Fv2%2Fcategories&post=97031"},{"taxonomy":"post_tag","embeddable":true,"href":"https:\/\/estado29.mx\/index.php?rest_route=%2Fwp%2Fv2%2Ftags&post=97031"}],"curies":[{"name":"wp","href":"https:\/\/api.w.org\/{rel}","templated":true}]}}