{"id":97043,"date":"2025-07-02T13:46:37","date_gmt":"2025-07-02T13:46:37","guid":{"rendered":"https:\/\/estado29.mx\/?p=97043"},"modified":"2025-07-02T13:46:38","modified_gmt":"2025-07-02T13:46:38","slug":"itife-realizara-obras-educativas-en-12-municipios-en-el-tercer-trimestre-de-2025","status":"publish","type":"post","link":"https:\/\/estado29.mx\/?p=97043","title":{"rendered":"ITIFE realizar\u00e1 obras educativas en 12 municipios en el tercer trimestre de 2025"},"content":{"rendered":"\n<p><\/p>\n\n\n\n<p>Estas acciones refrendan el compromiso del Gobierno del Estado con el bienestar y desarrollo educativo de la ni\u00f1ez y juventud tlaxcalteca.<\/p>\n\n\n\n<p>El Instituto Tlaxcalteca para la Infraestructura Educativa (ITIFE) inici\u00f3 formalmente el proceso de adjudicaciones para la ejecuci\u00f3n de obras durante el tercer trimestre de 2025, beneficiando a 12 municipios del estado con intervenciones prioritarias en planteles de educaci\u00f3n b\u00e1sica y superior.<\/p>\n\n\n\n<p>Mateo Sergio S\u00e1nchez Ram\u00edrez, titular del ITIFE, se\u00f1al\u00f3 que estas acciones refrendan el compromiso del Gobierno del Estado con el bienestar y desarrollo educativo de la ni\u00f1ez y juventud tlaxcalteca.<\/p>\n\n\n\n<p>\u201cCada obra es una inversi\u00f3n en el presente y futuro de Tlaxcala, y seguiremos trabajando para garantizar espacios escolares dignos, seguros y funcionales\u201d, afirm\u00f3.<\/p>\n\n\n\n<p>Entre las principales acciones destacan la rehabilitaci\u00f3n el\u00e9ctrica en las escuelas primarias \u201cOtilio Monta\u00f1o\u201d en Tlaxco y \u201cMicaela Ortiz de Rosales\u201d en Huamantla; as\u00ed como la construcci\u00f3n de edificios y salones de usos m\u00faltiples en las secundarias \u201cVicente Su\u00e1rez\u201d de San Pablo del Monte y la telesecundaria \u201cBenem\u00e9rito de las Am\u00e9ricas\u201d de Nanacamilpa.<\/p>\n\n\n\n<p>Tambi\u00e9n se llevar\u00e1n a cabo obras de rehabilitaci\u00f3n y mejoramiento estructural en instituciones como la primaria \u201cReforma Educativa\u201d de Mazatecochco y la primaria \u201cJusto Sierra\u201d de San Miguel Contla, donde se contemplan trabajos de impermeabilizaci\u00f3n, muro de contenci\u00f3n y suministro de materiales el\u00e9ctricos.<\/p>\n\n\n\n<p>En la regi\u00f3n oriente del estado, se ejecutar\u00e1n obras prioritarias en el jard\u00edn de ni\u00f1os \u201cRungo Chiga, Metzi Yu\u2019 Mu\u201d de Ixtenco, mientras que en Panotla se rehabilitar\u00e1n tres edificios de la primaria \u201cBenito Ju\u00e1rez\u201d de San Francisco Temetzontla.<\/p>\n\n\n\n<p>El programa incluye la construcci\u00f3n de un aula did\u00e1ctica en la primaria \u201cTelpochkali\u201d de la comunidad de Xolalpan, en Tetlanohcan, un m\u00f3dulo sanitario en la Universidad Pedag\u00f3gica Nacional (UPN) de Apetatitl\u00e1n, y la conclusi\u00f3n de aulas y construcci\u00f3n de una cisterna en la Escuela en Terapia F\u00edsica y Rehabilitaci\u00f3n CRI de Apizaco.<\/p>\n","protected":false},"excerpt":{"rendered":"<p>Estas acciones refrendan el compromiso del Gobierno del Estado con el bienestar y desarrollo educativo de la ni\u00f1ez y juventud tlaxcalteca. El Instituto Tlaxcalteca para la Infraestructura Educativa (ITIFE) inici\u00f3 formalmente el proceso de adjudicaciones para la ejecuci\u00f3n de obras durante el tercer trimestre de 2025, beneficiando a 12 municipios del estado con intervenciones prioritarias [&hellip;]<\/p>\n","protected":false},"author":4,"featured_media":97044,"comment_status":"open","ping_status":"open","sticky":false,"template":"","format":"standard","meta":{"om_disable_all_campaigns":false,"_monsterinsights_skip_tracking":false,"_monsterinsights_sitenote_active":false,"_monsterinsights_sitenote_note":"","_monsterinsights_sitenote_category":0,"jnews-multi-image_gallery":[],"jnews_single_post":{"format":"standard"},"jnews_primary_category":[],"footnotes":""},"categories":[1],"tags":[],"class_list":["post-97043","post","type-post","status-publish","format-standard","has-post-thumbnail","hentry","category-uncategorized"],"aioseo_notices":[],"_links":{"self":[{"href":"https:\/\/estado29.mx\/index.php?rest_route=\/wp\/v2\/posts\/97043","targetHints":{"allow":["GET"]}}],"collection":[{"href":"https:\/\/estado29.mx\/index.php?rest_route=\/wp\/v2\/posts"}],"about":[{"href":"https:\/\/estado29.mx\/index.php?rest_route=\/wp\/v2\/types\/post"}],"author":[{"embeddable":true,"href":"https:\/\/estado29.mx\/index.php?rest_route=\/wp\/v2\/users\/4"}],"replies":[{"embeddable":true,"href":"https:\/\/estado29.mx\/index.php?rest_route=%2Fwp%2Fv2%2Fcomments&post=97043"}],"version-history":[{"count":1,"href":"https:\/\/estado29.mx\/index.php?rest_route=\/wp\/v2\/posts\/97043\/revisions"}],"predecessor-version":[{"id":97045,"href":"https:\/\/estado29.mx\/index.php?rest_route=\/wp\/v2\/posts\/97043\/revisions\/97045"}],"wp:featuredmedia":[{"embeddable":true,"href":"https:\/\/estado29.mx\/index.php?rest_route=\/wp\/v2\/media\/97044"}],"wp:attachment":[{"href":"https:\/\/estado29.mx\/index.php?rest_route=%2Fwp%2Fv2%2Fmedia&parent=97043"}],"wp:term":[{"taxonomy":"category","embeddable":true,"href":"https:\/\/estado29.mx\/index.php?rest_route=%2Fwp%2Fv2%2Fcategories&post=97043"},{"taxonomy":"post_tag","embeddable":true,"href":"https:\/\/estado29.mx\/index.php?rest_route=%2Fwp%2Fv2%2Ftags&post=97043"}],"curies":[{"name":"wp","href":"https:\/\/api.w.org\/{rel}","templated":true}]}}