{"id":97046,"date":"2025-07-02T13:50:45","date_gmt":"2025-07-02T13:50:45","guid":{"rendered":"https:\/\/estado29.mx\/?p=97046"},"modified":"2025-07-02T13:50:46","modified_gmt":"2025-07-02T13:50:46","slug":"ita-livi-conde-se-corona-campeona-nacional-en-los-5-mil-metros-planos-sub-20-de-la-olimpiada-conade-2025","status":"publish","type":"post","link":"https:\/\/estado29.mx\/?p=97046","title":{"rendered":"Ita Livi Conde se corona campeona nacional en los 5 mil metros planos sub-20 de la olimpiada CONADE 2025"},"content":{"rendered":"\n<p><\/p>\n\n\n\n<p>La atleta tlaxcalteca resalt\u00f3 que con la medalla de oro hace honor a sus ra\u00edces, pues demuestra la calidad deportiva que existe en Tlaxcala. \u201cEs un homenaje a mi estado, a mis ra\u00edces ind\u00edgenas, es un honor pertenecer a este linaje\u201d, se\u00f1al\u00f3<\/p>\n\n\n\n<p>Ita Livi Conde Bado se consagr\u00f3 campeona de la prueba de los 5 mil metros planos Sub-20, al registrar un tiempo de 18:29.32, durante su actuaci\u00f3n en la justa deportiva que se celebra en Tlaxcala.<\/p>\n\n\n\n<p>El segundo lugar fue para la oaxaque\u00f1a Simone Donnadieu con un tiempo con 19:02.87, seguida de la zacatecana Sof\u00eda Monroy con 19:04.92.<\/p>\n\n\n\n<p>Ita Livi Conde, originaria de Contla de Juan Cuamatzi, describi\u00f3 esta carrera como emocionante: \u201cMi principal objetivo era asegurar el lugar para posteriormente despegarme del grupo&#8221;. &#8220;Sab\u00edamos desde el primer momento que iba a ser una carrera re\u00f1ida por eso quisimos afianzar desde el inicio\u201d, coment\u00f3.<\/p>\n\n\n\n<p>La deportista asegur\u00f3 que cumpli\u00f3 un sue\u00f1o al lograr esta medalla, pues este objetivo represent\u00f3 disciplina, esfuerzo, constancia.<\/p>\n\n\n\n<p>\u201cVa dedicado a mi familia, mi novio, mi entrenador y las personas que me han apoyado, es una deuda saldada conmigo misma\u201d, asegur\u00f3.<\/p>\n\n\n\n<p>La atleta resalt\u00f3 que, con este resultado, hace honor a sus ra\u00edces, pues demuestra la calidad deportiva que existe en Tlaxcala.<\/p>\n\n\n\n<p>\u201cEs un homenaje a mi estado, a mis ra\u00edces ind\u00edgenas, es un honor pertenecer a este linaje\u201d, concluy\u00f3.<\/p>\n","protected":false},"excerpt":{"rendered":"<p>La atleta tlaxcalteca resalt\u00f3 que con la medalla de oro hace honor a sus ra\u00edces, pues demuestra la calidad deportiva que existe en Tlaxcala. \u201cEs un homenaje a mi estado, a mis ra\u00edces ind\u00edgenas, es un honor pertenecer a este linaje\u201d, se\u00f1al\u00f3 Ita Livi Conde Bado se consagr\u00f3 campeona de la prueba de los 5 [&hellip;]<\/p>\n","protected":false},"author":4,"featured_media":97047,"comment_status":"open","ping_status":"open","sticky":false,"template":"","format":"standard","meta":{"om_disable_all_campaigns":false,"_monsterinsights_skip_tracking":false,"_monsterinsights_sitenote_active":false,"_monsterinsights_sitenote_note":"","_monsterinsights_sitenote_category":0,"jnews-multi-image_gallery":[],"jnews_single_post":{"format":"standard"},"jnews_primary_category":[],"footnotes":""},"categories":[1],"tags":[],"class_list":["post-97046","post","type-post","status-publish","format-standard","has-post-thumbnail","hentry","category-uncategorized"],"aioseo_notices":[],"_links":{"self":[{"href":"https:\/\/estado29.mx\/index.php?rest_route=\/wp\/v2\/posts\/97046","targetHints":{"allow":["GET"]}}],"collection":[{"href":"https:\/\/estado29.mx\/index.php?rest_route=\/wp\/v2\/posts"}],"about":[{"href":"https:\/\/estado29.mx\/index.php?rest_route=\/wp\/v2\/types\/post"}],"author":[{"embeddable":true,"href":"https:\/\/estado29.mx\/index.php?rest_route=\/wp\/v2\/users\/4"}],"replies":[{"embeddable":true,"href":"https:\/\/estado29.mx\/index.php?rest_route=%2Fwp%2Fv2%2Fcomments&post=97046"}],"version-history":[{"count":1,"href":"https:\/\/estado29.mx\/index.php?rest_route=\/wp\/v2\/posts\/97046\/revisions"}],"predecessor-version":[{"id":97048,"href":"https:\/\/estado29.mx\/index.php?rest_route=\/wp\/v2\/posts\/97046\/revisions\/97048"}],"wp:featuredmedia":[{"embeddable":true,"href":"https:\/\/estado29.mx\/index.php?rest_route=\/wp\/v2\/media\/97047"}],"wp:attachment":[{"href":"https:\/\/estado29.mx\/index.php?rest_route=%2Fwp%2Fv2%2Fmedia&parent=97046"}],"wp:term":[{"taxonomy":"category","embeddable":true,"href":"https:\/\/estado29.mx\/index.php?rest_route=%2Fwp%2Fv2%2Fcategories&post=97046"},{"taxonomy":"post_tag","embeddable":true,"href":"https:\/\/estado29.mx\/index.php?rest_route=%2Fwp%2Fv2%2Ftags&post=97046"}],"curies":[{"name":"wp","href":"https:\/\/api.w.org\/{rel}","templated":true}]}}