{"id":97052,"date":"2025-07-02T19:20:51","date_gmt":"2025-07-02T19:20:51","guid":{"rendered":"https:\/\/estado29.mx\/?p=97052"},"modified":"2025-07-02T19:20:51","modified_gmt":"2025-07-02T19:20:51","slug":"llama-ayuntamiento-de-tlaxcala-a-la-tenencia-responsable-de-mascotas","status":"publish","type":"post","link":"https:\/\/estado29.mx\/?p=97052","title":{"rendered":"LLAMA AYUNTAMIENTO DE TLAXCALA A LA TENENCIA RESPONSABLE DE MASCOTAS"},"content":{"rendered":"<figure class=\"wp-block-post-featured-image\"><img loading=\"lazy\" decoding=\"async\" width=\"1256\" height=\"837\" src=\"https:\/\/estado29.mx\/wp-content\/uploads\/2025\/07\/WhatsApp-Image-2025-07-01-at-7.50.03-PM.jpeg\" class=\"attachment-post-thumbnail size-post-thumbnail wp-post-image\" alt=\"\" style=\"object-fit:cover;\" srcset=\"https:\/\/estado29.mx\/wp-content\/uploads\/2025\/07\/WhatsApp-Image-2025-07-01-at-7.50.03-PM.jpeg 1256w, https:\/\/estado29.mx\/wp-content\/uploads\/2025\/07\/WhatsApp-Image-2025-07-01-at-7.50.03-PM-300x200.jpeg 300w, https:\/\/estado29.mx\/wp-content\/uploads\/2025\/07\/WhatsApp-Image-2025-07-01-at-7.50.03-PM-1024x682.jpeg 1024w, https:\/\/estado29.mx\/wp-content\/uploads\/2025\/07\/WhatsApp-Image-2025-07-01-at-7.50.03-PM-768x512.jpeg 768w, https:\/\/estado29.mx\/wp-content\/uploads\/2025\/07\/WhatsApp-Image-2025-07-01-at-7.50.03-PM-750x500.jpeg 750w, https:\/\/estado29.mx\/wp-content\/uploads\/2025\/07\/WhatsApp-Image-2025-07-01-at-7.50.03-PM-1140x760.jpeg 1140w\" sizes=\"auto, (max-width: 1256px) 100vw, 1256px\" \/><\/figure>\n\n\n<p>Autoridades priorizan la seguridad de la ciudadan\u00eda y el bienestar de un can se\u00f1alado de agredir a una persona en Acuitlapilco<\/p>\n\n\n\n<p>En una acci\u00f3n que refleja el compromiso del Ayuntamiento de Tlaxcala con la convivencia arm\u00f3nica entre personas y mascotas, la Unidad Municipal de Protecci\u00f3n del Medio Ambiente y Bienestar Animal, y el Centro de Atenci\u00f3n Canina de la Secretar\u00eda de Salud (SESA), intervino de manera oportuna para atender un incidente en la comunidad de Acuitlapilco.<\/p>\n\n\n\n<p>Durante la intervenci\u00f3n se prioriz\u00f3 la seguridad de la ciudadan\u00eda y el bienestar de un can, el cual fue se\u00f1alado de agredir a una persona, por lo que se realiz\u00f3 su captura para valoraci\u00f3n m\u00e9dica y observaci\u00f3n, con el consentimiento voluntario de los propietarios, quienes colaboraron de acuerdo con los protocolos establecidos.<\/p>\n\n\n\n<p>Como parte de la revisi\u00f3n del caso, se detect\u00f3 que la mascota no contaba con cartilla de vacunaci\u00f3n actualizada, por lo que personal capacitado le dar\u00e1 seguimiento veterinario adecuado.<\/p>\n\n\n\n<p>El gobierno municipal inform\u00f3 que estas acciones forman parte de la pol\u00edtica de bienestar animal, enfocada en proteger la salud p\u00fablica, fomentar la tenencia responsable y garantizar un trato digno a las mascotas.<\/p>\n","protected":false},"excerpt":{"rendered":"<p>Autoridades priorizan la seguridad de la ciudadan\u00eda y el bienestar de un can se\u00f1alado de agredir a una persona en Acuitlapilco En una acci\u00f3n que refleja el compromiso del Ayuntamiento de Tlaxcala con la convivencia arm\u00f3nica entre personas y mascotas, la Unidad Municipal de Protecci\u00f3n del Medio Ambiente y Bienestar Animal, y el Centro de [&hellip;]<\/p>\n","protected":false},"author":4,"featured_media":97053,"comment_status":"open","ping_status":"open","sticky":false,"template":"","format":"standard","meta":{"om_disable_all_campaigns":false,"_monsterinsights_skip_tracking":false,"_monsterinsights_sitenote_active":false,"_monsterinsights_sitenote_note":"","_monsterinsights_sitenote_category":0,"jnews-multi-image_gallery":[],"jnews_single_post":{"format":"standard"},"jnews_primary_category":[],"footnotes":""},"categories":[1],"tags":[],"class_list":["post-97052","post","type-post","status-publish","format-standard","has-post-thumbnail","hentry","category-uncategorized"],"aioseo_notices":[],"_links":{"self":[{"href":"https:\/\/estado29.mx\/index.php?rest_route=\/wp\/v2\/posts\/97052","targetHints":{"allow":["GET"]}}],"collection":[{"href":"https:\/\/estado29.mx\/index.php?rest_route=\/wp\/v2\/posts"}],"about":[{"href":"https:\/\/estado29.mx\/index.php?rest_route=\/wp\/v2\/types\/post"}],"author":[{"embeddable":true,"href":"https:\/\/estado29.mx\/index.php?rest_route=\/wp\/v2\/users\/4"}],"replies":[{"embeddable":true,"href":"https:\/\/estado29.mx\/index.php?rest_route=%2Fwp%2Fv2%2Fcomments&post=97052"}],"version-history":[{"count":1,"href":"https:\/\/estado29.mx\/index.php?rest_route=\/wp\/v2\/posts\/97052\/revisions"}],"predecessor-version":[{"id":97054,"href":"https:\/\/estado29.mx\/index.php?rest_route=\/wp\/v2\/posts\/97052\/revisions\/97054"}],"wp:featuredmedia":[{"embeddable":true,"href":"https:\/\/estado29.mx\/index.php?rest_route=\/wp\/v2\/media\/97053"}],"wp:attachment":[{"href":"https:\/\/estado29.mx\/index.php?rest_route=%2Fwp%2Fv2%2Fmedia&parent=97052"}],"wp:term":[{"taxonomy":"category","embeddable":true,"href":"https:\/\/estado29.mx\/index.php?rest_route=%2Fwp%2Fv2%2Fcategories&post=97052"},{"taxonomy":"post_tag","embeddable":true,"href":"https:\/\/estado29.mx\/index.php?rest_route=%2Fwp%2Fv2%2Ftags&post=97052"}],"curies":[{"name":"wp","href":"https:\/\/api.w.org\/{rel}","templated":true}]}}