{"id":97055,"date":"2025-07-02T19:29:59","date_gmt":"2025-07-02T19:29:59","guid":{"rendered":"https:\/\/estado29.mx\/?p=97055"},"modified":"2025-07-02T19:29:59","modified_gmt":"2025-07-02T19:29:59","slug":"policia-de-la-capital-responde-de-inmediato-a-reporte-de-detonaciones-en-la-garita","status":"publish","type":"post","link":"https:\/\/estado29.mx\/?p=97055","title":{"rendered":"POLIC\u00cdA DE LA CAPITAL RESPONDE DE INMEDIATO A REPORTE DE DETONACIONES EN LA GARITA"},"content":{"rendered":"<figure class=\"wp-block-post-featured-image\"><img loading=\"lazy\" decoding=\"async\" width=\"1349\" height=\"899\" src=\"https:\/\/estado29.mx\/wp-content\/uploads\/2025\/07\/WhatsApp-Image-2025-07-02-at-1.28.55-PM.jpeg\" class=\"attachment-post-thumbnail size-post-thumbnail wp-post-image\" alt=\"\" style=\"object-fit:cover;\" srcset=\"https:\/\/estado29.mx\/wp-content\/uploads\/2025\/07\/WhatsApp-Image-2025-07-02-at-1.28.55-PM.jpeg 1349w, https:\/\/estado29.mx\/wp-content\/uploads\/2025\/07\/WhatsApp-Image-2025-07-02-at-1.28.55-PM-300x200.jpeg 300w, https:\/\/estado29.mx\/wp-content\/uploads\/2025\/07\/WhatsApp-Image-2025-07-02-at-1.28.55-PM-1024x682.jpeg 1024w, https:\/\/estado29.mx\/wp-content\/uploads\/2025\/07\/WhatsApp-Image-2025-07-02-at-1.28.55-PM-768x512.jpeg 768w, https:\/\/estado29.mx\/wp-content\/uploads\/2025\/07\/WhatsApp-Image-2025-07-02-at-1.28.55-PM-750x500.jpeg 750w, https:\/\/estado29.mx\/wp-content\/uploads\/2025\/07\/WhatsApp-Image-2025-07-02-at-1.28.55-PM-1140x760.jpeg 1140w\" sizes=\"auto, (max-width: 1349px) 100vw, 1349px\" \/><\/figure>\n\n\n<p>Como primeros respondientes, elementos de la polic\u00eda municipal de Tlaxcala atendieron de inmediato un llamado de emergencia por detonaciones de arma de fuego en la zona de La Garita, a la altura de una tienda de conveniencia ubicada en la calle que da acceso a Tizatl\u00e1n.<\/p>\n\n\n\n<p>Al arribar al lugar, los oficiales encontraron a un hombre herido por impacto de bala y a una mujer que presentaba crisis nerviosa, por lo que procedieron a acordonar el \u00e1rea y a solicitar el apoyo de las c\u00e1maras de videovigilancia y los servicios de emergencia.<\/p>\n\n\n\n<p>Param\u00e9dicos de la Cruz Roja brindaron atenci\u00f3n prehospitalaria, hasta lograr estabilizar al hombre, quien fue trasladado en ambulancia al Hospital General de Tlaxcala, escoltado en todo momento por la polic\u00eda capitalina para garantizar su seguridad.<\/p>\n\n\n\n<p>Gracias al monitoreo del Centro de Comando y Control (C2), se logr\u00f3 identificar el veh\u00edculo en el que huyeron los presuntos responsables, por lo que se activ\u00f3 un operativo intermunicipal coordinado para su localizaci\u00f3n.<\/p>\n\n\n\n<p>Por el momento, la polic\u00eda capitalina mantiene acciones de resguardo y apoyo, mientras las autoridades competentes realizan las investigaciones correspondientes para esclarecer los hechos y dar con los probables responsables.<\/p>\n","protected":false},"excerpt":{"rendered":"<p>Como primeros respondientes, elementos de la polic\u00eda municipal de Tlaxcala atendieron de inmediato un llamado de emergencia por detonaciones de arma de fuego en la zona de La Garita, a la altura de una tienda de conveniencia ubicada en la calle que da acceso a Tizatl\u00e1n. Al arribar al lugar, los oficiales encontraron a un [&hellip;]<\/p>\n","protected":false},"author":4,"featured_media":97056,"comment_status":"open","ping_status":"open","sticky":false,"template":"","format":"standard","meta":{"om_disable_all_campaigns":false,"_monsterinsights_skip_tracking":false,"_monsterinsights_sitenote_active":false,"_monsterinsights_sitenote_note":"","_monsterinsights_sitenote_category":0,"jnews-multi-image_gallery":[],"jnews_single_post":{"format":"standard"},"jnews_primary_category":[],"footnotes":""},"categories":[1],"tags":[],"class_list":["post-97055","post","type-post","status-publish","format-standard","has-post-thumbnail","hentry","category-uncategorized"],"aioseo_notices":[],"_links":{"self":[{"href":"https:\/\/estado29.mx\/index.php?rest_route=\/wp\/v2\/posts\/97055","targetHints":{"allow":["GET"]}}],"collection":[{"href":"https:\/\/estado29.mx\/index.php?rest_route=\/wp\/v2\/posts"}],"about":[{"href":"https:\/\/estado29.mx\/index.php?rest_route=\/wp\/v2\/types\/post"}],"author":[{"embeddable":true,"href":"https:\/\/estado29.mx\/index.php?rest_route=\/wp\/v2\/users\/4"}],"replies":[{"embeddable":true,"href":"https:\/\/estado29.mx\/index.php?rest_route=%2Fwp%2Fv2%2Fcomments&post=97055"}],"version-history":[{"count":1,"href":"https:\/\/estado29.mx\/index.php?rest_route=\/wp\/v2\/posts\/97055\/revisions"}],"predecessor-version":[{"id":97057,"href":"https:\/\/estado29.mx\/index.php?rest_route=\/wp\/v2\/posts\/97055\/revisions\/97057"}],"wp:featuredmedia":[{"embeddable":true,"href":"https:\/\/estado29.mx\/index.php?rest_route=\/wp\/v2\/media\/97056"}],"wp:attachment":[{"href":"https:\/\/estado29.mx\/index.php?rest_route=%2Fwp%2Fv2%2Fmedia&parent=97055"}],"wp:term":[{"taxonomy":"category","embeddable":true,"href":"https:\/\/estado29.mx\/index.php?rest_route=%2Fwp%2Fv2%2Fcategories&post=97055"},{"taxonomy":"post_tag","embeddable":true,"href":"https:\/\/estado29.mx\/index.php?rest_route=%2Fwp%2Fv2%2Ftags&post=97055"}],"curies":[{"name":"wp","href":"https:\/\/api.w.org\/{rel}","templated":true}]}}