{"id":97066,"date":"2025-07-03T03:58:50","date_gmt":"2025-07-03T03:58:50","guid":{"rendered":"https:\/\/estado29.mx\/?p=97066"},"modified":"2025-07-03T03:58:51","modified_gmt":"2025-07-03T03:58:51","slug":"llega-un-nuevo-parroco-a-la-comunidad-de-ignacio-zaragoza-huamantla","status":"publish","type":"post","link":"https:\/\/estado29.mx\/?p=97066","title":{"rendered":"Llega un nuevo p\u00e1rroco a la comunidad de Ignacio Zaragoza, Huamantla.\u00a0"},"content":{"rendered":"\n<p>Durante la tarde de ayer se efectu\u00f3 el recibimiento del nuevo p\u00e1rroco Felipe Cuamatzi de la iglesia cat\u00f3lica en la comunidad de San Francisco de As\u00eds, ubicada en el pueblo Ignacio Zaragoza, municipio de Huamantla.<\/p>\n\n\n\n<p>Ah\u00ed el nuevo p\u00e1rroco proveniente de Tizatl\u00e1n, Tlaxcala, se mostr\u00f3 emocionado y sobre todo con ganas de llevar la palabra de Dios a los habitantes de la comunidad, se\u00f1alando primero tendr\u00e1n que conocerse y con ello iniciar a trabajar con acciones que fortalezcan los lazos con la iglesia.<\/p>\n\n\n\n<p>El evento estuvo presidido por el Obispo Julio Cesar Salcedo Aquino, quien refrend\u00f3 su compromiso con las comunidades y mantener una estrecha comunicaci\u00f3n para que con ello aumentar la uni\u00f3n a la iglesia.&nbsp;<\/p>\n\n\n\n<p>Entre porras, banda y tapetes de colores los mayordomos de la comunidad, vecinos e invitados recorrieron con el patrono de Ignacio Zaragoza, San Francisco de As\u00eds.<\/p>\n\n\n\n<p>Entre los proyectos que se tienen contemplados es que la iglesia ser\u00e1 una rector\u00eda, por lo que podr\u00e1 atender a otras comunidades como Los Pilares, San Lucas, Nuevo Centro de Poblaci\u00f3n Jos\u00e9 Maria Morelos, entre otras para que el nuevo p\u00e1rroco atienda las actividades a desarrollarse.&nbsp;<\/p>\n","protected":false},"excerpt":{"rendered":"<p>Durante la tarde de ayer se efectu\u00f3 el recibimiento del nuevo p\u00e1rroco Felipe Cuamatzi de la iglesia cat\u00f3lica en la comunidad de San Francisco de As\u00eds, ubicada en el pueblo Ignacio Zaragoza, municipio de Huamantla. Ah\u00ed el nuevo p\u00e1rroco proveniente de Tizatl\u00e1n, Tlaxcala, se mostr\u00f3 emocionado y sobre todo con ganas de llevar la palabra [&hellip;]<\/p>\n","protected":false},"author":5,"featured_media":97067,"comment_status":"open","ping_status":"open","sticky":false,"template":"","format":"standard","meta":{"om_disable_all_campaigns":false,"_monsterinsights_skip_tracking":false,"_monsterinsights_sitenote_active":false,"_monsterinsights_sitenote_note":"","_monsterinsights_sitenote_category":0,"jnews-multi-image_gallery":[],"jnews_single_post":{"format":"standard"},"jnews_primary_category":[],"footnotes":""},"categories":[1],"tags":[],"class_list":["post-97066","post","type-post","status-publish","format-standard","has-post-thumbnail","hentry","category-uncategorized"],"aioseo_notices":[],"_links":{"self":[{"href":"https:\/\/estado29.mx\/index.php?rest_route=\/wp\/v2\/posts\/97066","targetHints":{"allow":["GET"]}}],"collection":[{"href":"https:\/\/estado29.mx\/index.php?rest_route=\/wp\/v2\/posts"}],"about":[{"href":"https:\/\/estado29.mx\/index.php?rest_route=\/wp\/v2\/types\/post"}],"author":[{"embeddable":true,"href":"https:\/\/estado29.mx\/index.php?rest_route=\/wp\/v2\/users\/5"}],"replies":[{"embeddable":true,"href":"https:\/\/estado29.mx\/index.php?rest_route=%2Fwp%2Fv2%2Fcomments&post=97066"}],"version-history":[{"count":1,"href":"https:\/\/estado29.mx\/index.php?rest_route=\/wp\/v2\/posts\/97066\/revisions"}],"predecessor-version":[{"id":97068,"href":"https:\/\/estado29.mx\/index.php?rest_route=\/wp\/v2\/posts\/97066\/revisions\/97068"}],"wp:featuredmedia":[{"embeddable":true,"href":"https:\/\/estado29.mx\/index.php?rest_route=\/wp\/v2\/media\/97067"}],"wp:attachment":[{"href":"https:\/\/estado29.mx\/index.php?rest_route=%2Fwp%2Fv2%2Fmedia&parent=97066"}],"wp:term":[{"taxonomy":"category","embeddable":true,"href":"https:\/\/estado29.mx\/index.php?rest_route=%2Fwp%2Fv2%2Fcategories&post=97066"},{"taxonomy":"post_tag","embeddable":true,"href":"https:\/\/estado29.mx\/index.php?rest_route=%2Fwp%2Fv2%2Ftags&post=97066"}],"curies":[{"name":"wp","href":"https:\/\/api.w.org\/{rel}","templated":true}]}}