{"id":97075,"date":"2025-07-03T13:19:55","date_gmt":"2025-07-03T13:19:55","guid":{"rendered":"https:\/\/estado29.mx\/?p=97075"},"modified":"2025-07-03T13:19:56","modified_gmt":"2025-07-03T13:19:56","slug":"cecyte-emsad-dona-mas-de-161-mil-pesos-a-la-cruz-roja-tlaxcala","status":"publish","type":"post","link":"https:\/\/estado29.mx\/?p=97075","title":{"rendered":"CECYTE-EMSAD dona m\u00e1s de 161 mil pesos a la cruz roja Tlaxcala"},"content":{"rendered":"\n<p><\/p>\n\n\n\n<p>En el marco de la colecta anual 2025, estudiantes, docentes, personal administrativo y de apoyo a la educaci\u00f3n de todos los planteles realizaron la donaci\u00f3n<\/p>\n\n\n\n<p>El Colegio de Estudios Cient\u00edficos y Tecnol\u00f3gicos del Estado y los centros de Educaci\u00f3n Media Superior a Distancia (CECyTE-EMSaD) entregaron un donativo de 161 mil 635 pesos a la Cruz Roja Mexicana, delegaci\u00f3n Tlaxcala, como parte de la colecta anual 2025.<\/p>\n\n\n\n<p>La aportaci\u00f3n del subsistema educativo es resultado de la participaci\u00f3n de estudiantes, docentes, personal administrativo y de apoyo a la educaci\u00f3n de todos los planteles.<\/p>\n\n\n\n<p>Durante el acto de entrega, la presidenta honor\u00edfica de la Cruz Roja en Tlaxcala y del Sistema Estatal para el Desarrollo de la Familia (SEDIF), Mariana Espinosa de los Monteros Cu\u00e9llar, destac\u00f3 el esfuerzo colectivo y la solidaridad de la comunidad educativa del CECyTE-EMSaD.<\/p>\n\n\n\n<p>&#8220;Que se unan j\u00f3venes e instituciones con este compromiso social nos da esperanza para el futuro del estado&#8221;, afirm\u00f3.<\/p>\n\n\n\n<p>En tanto, el director general del CECyTE-EMSaD, Blas Marvin Mora Olvera, subray\u00f3 que este tipo de acciones fortalecen la formaci\u00f3n integral de los j\u00f3venes.<\/p>\n\n\n\n<p>&#8220;Queremos que nuestros alumnos, adem\u00e1s de sobresalir acad\u00e9micamente, sean ciudadanos emp\u00e1ticos y comprometidos con su comunidad&#8221;, expres\u00f3.<\/p>\n\n\n\n<p>El delegado estatal de la Cruz Roja Tlaxcala, Miguel Garc\u00eda M\u00e9ndez Salazar, reconoci\u00f3 el impacto directo del donativo en las labores humanitarias que desarrolla la instituci\u00f3n y los servicios que brinda como atenci\u00f3n m\u00e9dica, entrega de insumos y auxilio en situaciones de emergencia.<\/p>\n\n\n\n<p>Con este donativo, el subsistema reafirma su vocaci\u00f3n humanista y su apuesta por una educaci\u00f3n que promueve valores sociales, reforzando el v\u00ednculo entre la comunidad educativa y las causas que buscan el bienestar colectivo.<\/p>\n","protected":false},"excerpt":{"rendered":"<p>En el marco de la colecta anual 2025, estudiantes, docentes, personal administrativo y de apoyo a la educaci\u00f3n de todos los planteles realizaron la donaci\u00f3n El Colegio de Estudios Cient\u00edficos y Tecnol\u00f3gicos del Estado y los centros de Educaci\u00f3n Media Superior a Distancia (CECyTE-EMSaD) entregaron un donativo de 161 mil 635 pesos a la Cruz [&hellip;]<\/p>\n","protected":false},"author":4,"featured_media":97076,"comment_status":"open","ping_status":"open","sticky":false,"template":"","format":"standard","meta":{"om_disable_all_campaigns":false,"_monsterinsights_skip_tracking":false,"_monsterinsights_sitenote_active":false,"_monsterinsights_sitenote_note":"","_monsterinsights_sitenote_category":0,"jnews-multi-image_gallery":[],"jnews_single_post":{"format":"standard"},"jnews_primary_category":[],"footnotes":""},"categories":[1],"tags":[],"class_list":["post-97075","post","type-post","status-publish","format-standard","has-post-thumbnail","hentry","category-uncategorized"],"aioseo_notices":[],"_links":{"self":[{"href":"https:\/\/estado29.mx\/index.php?rest_route=\/wp\/v2\/posts\/97075","targetHints":{"allow":["GET"]}}],"collection":[{"href":"https:\/\/estado29.mx\/index.php?rest_route=\/wp\/v2\/posts"}],"about":[{"href":"https:\/\/estado29.mx\/index.php?rest_route=\/wp\/v2\/types\/post"}],"author":[{"embeddable":true,"href":"https:\/\/estado29.mx\/index.php?rest_route=\/wp\/v2\/users\/4"}],"replies":[{"embeddable":true,"href":"https:\/\/estado29.mx\/index.php?rest_route=%2Fwp%2Fv2%2Fcomments&post=97075"}],"version-history":[{"count":1,"href":"https:\/\/estado29.mx\/index.php?rest_route=\/wp\/v2\/posts\/97075\/revisions"}],"predecessor-version":[{"id":97077,"href":"https:\/\/estado29.mx\/index.php?rest_route=\/wp\/v2\/posts\/97075\/revisions\/97077"}],"wp:featuredmedia":[{"embeddable":true,"href":"https:\/\/estado29.mx\/index.php?rest_route=\/wp\/v2\/media\/97076"}],"wp:attachment":[{"href":"https:\/\/estado29.mx\/index.php?rest_route=%2Fwp%2Fv2%2Fmedia&parent=97075"}],"wp:term":[{"taxonomy":"category","embeddable":true,"href":"https:\/\/estado29.mx\/index.php?rest_route=%2Fwp%2Fv2%2Fcategories&post=97075"},{"taxonomy":"post_tag","embeddable":true,"href":"https:\/\/estado29.mx\/index.php?rest_route=%2Fwp%2Fv2%2Ftags&post=97075"}],"curies":[{"name":"wp","href":"https:\/\/api.w.org\/{rel}","templated":true}]}}