{"id":97078,"date":"2025-07-03T13:22:45","date_gmt":"2025-07-03T13:22:45","guid":{"rendered":"https:\/\/estado29.mx\/?p=97078"},"modified":"2025-07-03T13:22:47","modified_gmt":"2025-07-03T13:22:47","slug":"ita-livi-conde-consigue-segunda-medalla-de-oro-se-corono-en-los-3-mil-metros-planos","status":"publish","type":"post","link":"https:\/\/estado29.mx\/?p=97078","title":{"rendered":"Ita Livi Conde consigue segunda medalla de oro, se coron\u00f3 en los 3 mil metros planos"},"content":{"rendered":"\n<p><\/p>\n\n\n\n<p>La deportista cerr\u00f3 su participaci\u00f3n con dos oros en esta la Olimpiada Nacional CONADE 2025<\/p>\n\n\n\n<p>Con un desempe\u00f1o contundente, la atleta tlaxcalteca Ita Livi Conde Bado volvi\u00f3 a brillar en la pista al adjudicarse su segunda medalla de oro, ahora en la prueba de 3 mil metros planos, categor\u00eda sub-20, con un tiempo de 10:30.43.<\/p>\n\n\n\n<p>Ita Livi apost\u00f3 a una estrategia bien definida, se mantuvo dentro de las primeras vueltas cerca de la puntera, sin dar alcance y fue en los \u00faltimos 200 metros cuando comenz\u00f3 a avanzar para posicionarse en el primer lugar y dejar atr\u00e1s a sus contrincantes.<\/p>\n\n\n\n<p>La guanajuatense X\u00f3chitl Espino obtuvo el segundo lugar con un tiempo de 10:44.90 y el tercer lugar fue para la tapat\u00eda Mar\u00eda Gonz\u00e1lez con 10:45.78.<\/p>\n\n\n\n<p>Subray\u00f3 que espera que se reconozcan a Tlaxcala por ser un estado especialista en distancias largas.<\/p>\n\n\n\n<p>\u201cEsto significa darle el respeto a mi estado, a todos los atletas que se reconocen por la fuerza y la fortaleza que se tiene para las distancias largas y es un orgullo\u201d, afirm\u00f3.<\/p>\n\n\n\n<p>Con m\u00e1s de una d\u00e9cada dedicada al deporte, Ita Livi insiste e invita a que todos persigan sus sue\u00f1os \u201cLlevo 12 a\u00f1os y medio, yo busqu\u00e9 el oro durante mucho tiempo, esto fue el fruto del esfuerzo, disciplina, sacrificio, fuerza de voluntad; ojal\u00e1 tomen el ejemplo de ser firme en lo que queremos e ir por ello.\u201d<\/p>\n\n\n\n<p>La tlaxcalteca competir\u00e1 en el Campeonato Centroamericano de Campo Traviesa, que se realizar\u00e1 en Colombia en noviembre pr\u00f3ximo.<\/p>\n","protected":false},"excerpt":{"rendered":"<p>La deportista cerr\u00f3 su participaci\u00f3n con dos oros en esta la Olimpiada Nacional CONADE 2025 Con un desempe\u00f1o contundente, la atleta tlaxcalteca Ita Livi Conde Bado volvi\u00f3 a brillar en la pista al adjudicarse su segunda medalla de oro, ahora en la prueba de 3 mil metros planos, categor\u00eda sub-20, con un tiempo de 10:30.43. [&hellip;]<\/p>\n","protected":false},"author":4,"featured_media":97079,"comment_status":"open","ping_status":"open","sticky":false,"template":"","format":"standard","meta":{"om_disable_all_campaigns":false,"_monsterinsights_skip_tracking":false,"_monsterinsights_sitenote_active":false,"_monsterinsights_sitenote_note":"","_monsterinsights_sitenote_category":0,"jnews-multi-image_gallery":[],"jnews_single_post":{"format":"standard"},"jnews_primary_category":[],"footnotes":""},"categories":[1],"tags":[],"class_list":["post-97078","post","type-post","status-publish","format-standard","has-post-thumbnail","hentry","category-uncategorized"],"aioseo_notices":[],"_links":{"self":[{"href":"https:\/\/estado29.mx\/index.php?rest_route=\/wp\/v2\/posts\/97078","targetHints":{"allow":["GET"]}}],"collection":[{"href":"https:\/\/estado29.mx\/index.php?rest_route=\/wp\/v2\/posts"}],"about":[{"href":"https:\/\/estado29.mx\/index.php?rest_route=\/wp\/v2\/types\/post"}],"author":[{"embeddable":true,"href":"https:\/\/estado29.mx\/index.php?rest_route=\/wp\/v2\/users\/4"}],"replies":[{"embeddable":true,"href":"https:\/\/estado29.mx\/index.php?rest_route=%2Fwp%2Fv2%2Fcomments&post=97078"}],"version-history":[{"count":1,"href":"https:\/\/estado29.mx\/index.php?rest_route=\/wp\/v2\/posts\/97078\/revisions"}],"predecessor-version":[{"id":97080,"href":"https:\/\/estado29.mx\/index.php?rest_route=\/wp\/v2\/posts\/97078\/revisions\/97080"}],"wp:featuredmedia":[{"embeddable":true,"href":"https:\/\/estado29.mx\/index.php?rest_route=\/wp\/v2\/media\/97079"}],"wp:attachment":[{"href":"https:\/\/estado29.mx\/index.php?rest_route=%2Fwp%2Fv2%2Fmedia&parent=97078"}],"wp:term":[{"taxonomy":"category","embeddable":true,"href":"https:\/\/estado29.mx\/index.php?rest_route=%2Fwp%2Fv2%2Fcategories&post=97078"},{"taxonomy":"post_tag","embeddable":true,"href":"https:\/\/estado29.mx\/index.php?rest_route=%2Fwp%2Fv2%2Ftags&post=97078"}],"curies":[{"name":"wp","href":"https:\/\/api.w.org\/{rel}","templated":true}]}}