{"id":97081,"date":"2025-07-03T13:32:32","date_gmt":"2025-07-03T13:32:32","guid":{"rendered":"https:\/\/estado29.mx\/?p=97081"},"modified":"2025-07-03T13:32:33","modified_gmt":"2025-07-03T13:32:33","slug":"lorena-cuellar-destaca-labor-periodistica-como-puente-entre-el-gobierno-y-el-alma-del-pueblo","status":"publish","type":"post","link":"https:\/\/estado29.mx\/?p=97081","title":{"rendered":"Lorena Cu\u00e9llar destaca labor period\u00edstica como puente entre el gobierno y el alma del pueblo"},"content":{"rendered":"\n<p><\/p>\n\n\n\n<p>En la celebraci\u00f3n del D\u00eda del Periodista en Tlaxcala, llam\u00f3 la gobernadora a comunicar con valent\u00eda, sabidur\u00eda y esperanza para contribuir a la construcci\u00f3n de un estado en paz y pr\u00f3spero<\/p>\n\n\n\n<p>En el marco de la conmemoraci\u00f3n del D\u00eda del Periodista en Tlaxcala, la gobernadora Lorena Cu\u00e9llar Cisneros encabez\u00f3 un encuentro con representantes de medios de comunicaci\u00f3n, donde destac\u00f3 la importancia de la prensa como aliada fundamental en la construcci\u00f3n de una sociedad informada, emp\u00e1tica y democr\u00e1tica.<\/p>\n\n\n\n<p>\u201cHoy quiero hablarles no solo como gobernadora, sino como alguien que tambi\u00e9n ha caminado muchos a\u00f1os buscando respuestas, escuchando voces y encontrando en la comunicaci\u00f3n un puente con el alma del pueblo tlaxcalteca\u201d, expres\u00f3.<\/p>\n\n\n\n<p>En el Sal\u00f3n Tlaxcala del Recinto Ferial, la mandataria subray\u00f3 que la relaci\u00f3n entre quienes gobiernan y quienes ejercen el periodismo no debe basarse en antagonismos, sino en una colaboraci\u00f3n responsable.<\/p>\n\n\n\n<p>\u201cNuestra relaci\u00f3n no se trata de una lucha. Somos dos fuerzas distintas que, al interactuar con respeto y responsabilidad compartida, logramos dar sentido a la comunicaci\u00f3n\u201d, puntualiz\u00f3.<\/p>\n\n\n\n<p>En su mensaje, Cu\u00e9llar Cisneros reiter\u00f3 el compromiso de su administraci\u00f3n para mantener las puertas abiertas al di\u00e1logo, garantizar el acceso a la informaci\u00f3n y salvaguardar la libertad de expresi\u00f3n como pilares de la democracia, al tiempo de enfatizar que \u201cla prensa libre no es una amenaza, sino una se\u00f1al de madurez democr\u00e1tica\u201d.<\/p>\n\n\n\n<p>Ante reporteras, reporteros, fot\u00f3grafos y camar\u00f3grafos que cubren las actividades del Ejecutivo Estatal, la gobernadora llam\u00f3 a las y los comunicadores a ejercer su labor con valent\u00eda, pero tambi\u00e9n con sabidur\u00eda; a escuchar y exigir, pero tambi\u00e9n a construir paz y esperanza.<\/p>\n\n\n\n<p>En este tenor, los invit\u00f3 a seguir caminando juntos como parte de una misma comunidad que busca el bienestar colectivo y reafirm\u00f3 su reconocimiento al papel de la prensa en la transformaci\u00f3n social y su voluntad de mantener una relaci\u00f3n respetuosa y cooperativa con quienes informan a la ciudadan\u00eda.<\/p>\n\n\n\n<p>En su intervenci\u00f3n, el coordinador de Comunicaci\u00f3n Social del Gobierno de Tlaxcala, Octavio Ortega Velio Mej\u00eda, evoc\u00f3 los or\u00edgenes de esta profesi\u00f3n en figuras como los tlacuilos y pregoneros, quienes transmit\u00edan historias de un pueblo a otro, se\u00f1alando que el periodismo actual mantiene viva esa vocaci\u00f3n ancestral.<\/p>\n\n\n\n<p>&#8220;Las herramientas del periodismo no son solo grabadoras, libretas o celulares; son nuestros sentidos, nuestra capacidad de percibir y apropiarnos de una historia para contarla con verdad&#8221;, expres\u00f3.<\/p>\n\n\n\n<p>&#8220;Gracias por ser las y los cronistas de nuestro tiempo, por compartir todos los d\u00edas la historia que estamos construyendo juntos en Tlaxcala&#8221;, concluy\u00f3.<\/p>\n\n\n\n<p>El evento reuni\u00f3 a m\u00e1s 150 representantes de diversos medios locales, quienes fueron reconocidos por su compromiso con la verdad, la informaci\u00f3n veraz y el fortalecimiento de la democracia mediante su trabajo period\u00edstico.<\/p>\n","protected":false},"excerpt":{"rendered":"<p>En la celebraci\u00f3n del D\u00eda del Periodista en Tlaxcala, llam\u00f3 la gobernadora a comunicar con valent\u00eda, sabidur\u00eda y esperanza para contribuir a la construcci\u00f3n de un estado en paz y pr\u00f3spero En el marco de la conmemoraci\u00f3n del D\u00eda del Periodista en Tlaxcala, la gobernadora Lorena Cu\u00e9llar Cisneros encabez\u00f3 un encuentro con representantes de medios [&hellip;]<\/p>\n","protected":false},"author":4,"featured_media":97082,"comment_status":"open","ping_status":"open","sticky":false,"template":"","format":"standard","meta":{"om_disable_all_campaigns":false,"_monsterinsights_skip_tracking":false,"_monsterinsights_sitenote_active":false,"_monsterinsights_sitenote_note":"","_monsterinsights_sitenote_category":0,"jnews-multi-image_gallery":[],"jnews_single_post":{"format":"standard"},"jnews_primary_category":[],"footnotes":""},"categories":[1],"tags":[],"class_list":["post-97081","post","type-post","status-publish","format-standard","has-post-thumbnail","hentry","category-uncategorized"],"aioseo_notices":[],"_links":{"self":[{"href":"https:\/\/estado29.mx\/index.php?rest_route=\/wp\/v2\/posts\/97081","targetHints":{"allow":["GET"]}}],"collection":[{"href":"https:\/\/estado29.mx\/index.php?rest_route=\/wp\/v2\/posts"}],"about":[{"href":"https:\/\/estado29.mx\/index.php?rest_route=\/wp\/v2\/types\/post"}],"author":[{"embeddable":true,"href":"https:\/\/estado29.mx\/index.php?rest_route=\/wp\/v2\/users\/4"}],"replies":[{"embeddable":true,"href":"https:\/\/estado29.mx\/index.php?rest_route=%2Fwp%2Fv2%2Fcomments&post=97081"}],"version-history":[{"count":1,"href":"https:\/\/estado29.mx\/index.php?rest_route=\/wp\/v2\/posts\/97081\/revisions"}],"predecessor-version":[{"id":97083,"href":"https:\/\/estado29.mx\/index.php?rest_route=\/wp\/v2\/posts\/97081\/revisions\/97083"}],"wp:featuredmedia":[{"embeddable":true,"href":"https:\/\/estado29.mx\/index.php?rest_route=\/wp\/v2\/media\/97082"}],"wp:attachment":[{"href":"https:\/\/estado29.mx\/index.php?rest_route=%2Fwp%2Fv2%2Fmedia&parent=97081"}],"wp:term":[{"taxonomy":"category","embeddable":true,"href":"https:\/\/estado29.mx\/index.php?rest_route=%2Fwp%2Fv2%2Fcategories&post=97081"},{"taxonomy":"post_tag","embeddable":true,"href":"https:\/\/estado29.mx\/index.php?rest_route=%2Fwp%2Fv2%2Ftags&post=97081"}],"curies":[{"name":"wp","href":"https:\/\/api.w.org\/{rel}","templated":true}]}}