{"id":97096,"date":"2025-07-03T17:33:59","date_gmt":"2025-07-03T17:33:59","guid":{"rendered":"https:\/\/estado29.mx\/?p=97096"},"modified":"2025-07-03T17:34:00","modified_gmt":"2025-07-03T17:34:00","slug":"tras-dejar-basura-frente-a-la-presidencia-de-comunidad-presidente-senala-el-servicio-de-recoleccion-es-normal-en-zaragoza","status":"publish","type":"post","link":"https:\/\/estado29.mx\/?p=97096","title":{"rendered":"Tras dejar basura frente a la presidencia de comunidad, presidente se\u00f1ala el servicio de recolecci\u00f3n es normal en Zaragoza."},"content":{"rendered":"\n<p>El Presidente de la comunidad de Ignacio Zaragoza, Emmanuel Luna, explic\u00f3 los hechos registrados hace unos d\u00edas, en donde algunos vecinos del lugar depositaron residuos a las afueras de la presidencia.<\/p>\n\n\n\n<p>Puntualiz\u00f3 que fue el mayordomo del lugar, quien deposit\u00f3 basura, pues se desarrollar\u00eda el evento para recibir al nuevo presb\u00edtero en la comunidad por lo que realizaron la limpia de la iglesia de San Francisco de As\u00eds.<\/p>\n\n\n\n<p>A pesar de que el cami\u00f3n recolector de basura pas\u00f3 algunos minutos despu\u00e9s esta acci\u00f3n ya hab\u00eda sido ejecutada argumentando no recibieron el apoyo del presidente para depositar los desechos.&nbsp;<\/p>\n\n\n\n<p>Emmanuel Luna, lamento estas acciones pues a pesar de que hace las gestiones para que el servicio de limpia se regularice, este va retomando sus horarios normales, derivado de las condiciones climatol\u00f3gicas que se habr\u00edan presentado.&nbsp;<\/p>\n\n\n\n<p>Finalmente, los desechos fueron retirados y personal de servicios municipales concluyeron su recorrido por el resto de la comunidad para que vecinos lograran depositar su basura.&nbsp;<\/p>\n","protected":false},"excerpt":{"rendered":"<p>El Presidente de la comunidad de Ignacio Zaragoza, Emmanuel Luna, explic\u00f3 los hechos registrados hace unos d\u00edas, en donde algunos vecinos del lugar depositaron residuos a las afueras de la presidencia. Puntualiz\u00f3 que fue el mayordomo del lugar, quien deposit\u00f3 basura, pues se desarrollar\u00eda el evento para recibir al nuevo presb\u00edtero en la comunidad por [&hellip;]<\/p>\n","protected":false},"author":5,"featured_media":97097,"comment_status":"open","ping_status":"open","sticky":false,"template":"","format":"standard","meta":{"om_disable_all_campaigns":false,"_monsterinsights_skip_tracking":false,"_monsterinsights_sitenote_active":false,"_monsterinsights_sitenote_note":"","_monsterinsights_sitenote_category":0,"jnews-multi-image_gallery":[],"jnews_single_post":{"format":"standard"},"jnews_primary_category":[],"footnotes":""},"categories":[1],"tags":[],"class_list":["post-97096","post","type-post","status-publish","format-standard","has-post-thumbnail","hentry","category-uncategorized"],"aioseo_notices":[],"_links":{"self":[{"href":"https:\/\/estado29.mx\/index.php?rest_route=\/wp\/v2\/posts\/97096","targetHints":{"allow":["GET"]}}],"collection":[{"href":"https:\/\/estado29.mx\/index.php?rest_route=\/wp\/v2\/posts"}],"about":[{"href":"https:\/\/estado29.mx\/index.php?rest_route=\/wp\/v2\/types\/post"}],"author":[{"embeddable":true,"href":"https:\/\/estado29.mx\/index.php?rest_route=\/wp\/v2\/users\/5"}],"replies":[{"embeddable":true,"href":"https:\/\/estado29.mx\/index.php?rest_route=%2Fwp%2Fv2%2Fcomments&post=97096"}],"version-history":[{"count":1,"href":"https:\/\/estado29.mx\/index.php?rest_route=\/wp\/v2\/posts\/97096\/revisions"}],"predecessor-version":[{"id":97098,"href":"https:\/\/estado29.mx\/index.php?rest_route=\/wp\/v2\/posts\/97096\/revisions\/97098"}],"wp:featuredmedia":[{"embeddable":true,"href":"https:\/\/estado29.mx\/index.php?rest_route=\/wp\/v2\/media\/97097"}],"wp:attachment":[{"href":"https:\/\/estado29.mx\/index.php?rest_route=%2Fwp%2Fv2%2Fmedia&parent=97096"}],"wp:term":[{"taxonomy":"category","embeddable":true,"href":"https:\/\/estado29.mx\/index.php?rest_route=%2Fwp%2Fv2%2Fcategories&post=97096"},{"taxonomy":"post_tag","embeddable":true,"href":"https:\/\/estado29.mx\/index.php?rest_route=%2Fwp%2Fv2%2Ftags&post=97096"}],"curies":[{"name":"wp","href":"https:\/\/api.w.org\/{rel}","templated":true}]}}