{"id":97099,"date":"2025-07-03T23:42:24","date_gmt":"2025-07-03T23:42:24","guid":{"rendered":"https:\/\/estado29.mx\/?p=97099"},"modified":"2025-07-03T23:42:24","modified_gmt":"2025-07-03T23:42:24","slug":"sostiene-alcalde-alfonso-sanchez-garcia-dialogo-emotivo-y-directo-con-comerciantes-del-mercado-de-la-joya","status":"publish","type":"post","link":"https:\/\/estado29.mx\/?p=97099","title":{"rendered":"SOSTIENE ALCALDE ALFONSO S\u00c1NCHEZ GARC\u00cdA DI\u00c1LOGO EMOTIVO Y DIRECTO CON COMERCIANTES DEL MERCADO DE LA JOYA"},"content":{"rendered":"<figure class=\"wp-block-post-featured-image\"><img loading=\"lazy\" decoding=\"async\" width=\"1280\" height=\"853\" src=\"https:\/\/estado29.mx\/wp-content\/uploads\/2025\/07\/WhatsApp-Image-2025-07-02-at-10.24.54-PM.jpeg\" class=\"attachment-post-thumbnail size-post-thumbnail wp-post-image\" alt=\"\" style=\"object-fit:cover;\" srcset=\"https:\/\/estado29.mx\/wp-content\/uploads\/2025\/07\/WhatsApp-Image-2025-07-02-at-10.24.54-PM.jpeg 1280w, https:\/\/estado29.mx\/wp-content\/uploads\/2025\/07\/WhatsApp-Image-2025-07-02-at-10.24.54-PM-300x200.jpeg 300w, https:\/\/estado29.mx\/wp-content\/uploads\/2025\/07\/WhatsApp-Image-2025-07-02-at-10.24.54-PM-1024x682.jpeg 1024w, https:\/\/estado29.mx\/wp-content\/uploads\/2025\/07\/WhatsApp-Image-2025-07-02-at-10.24.54-PM-768x512.jpeg 768w, https:\/\/estado29.mx\/wp-content\/uploads\/2025\/07\/WhatsApp-Image-2025-07-02-at-10.24.54-PM-750x500.jpeg 750w, https:\/\/estado29.mx\/wp-content\/uploads\/2025\/07\/WhatsApp-Image-2025-07-02-at-10.24.54-PM-1140x760.jpeg 1140w\" sizes=\"auto, (max-width: 1280px) 100vw, 1280px\" \/><\/figure>\n\n\n<p>En un encuentro c\u00e1lido y de cercan\u00eda, el presidente municipal de Tlaxcala, Alfonso S\u00e1nchez Garc\u00eda, recorri\u00f3 el tradicional mercado de los mi\u00e9rcoles en La Joya, donde fue recibido con entusiasmo por comerciantes y familias de esta popular colonia de la capital.<\/p>\n\n\n\n<p>Durante su recorrido, el alcalde comparti\u00f3 sonrisas y di\u00e1logos francos con locatarios como do\u00f1a Isabel Solano Barba, quien lleva m\u00e1s de 20 a\u00f1os preparando deliciosos atoles de manzana, avena, mango, fresa y amaranto. \u201cMe dio mucho gusto que el presidente probara mis atoles y que le gustaran\u201d, expres\u00f3 emocionada, reflejando el ambiente de cercan\u00eda y gratitud que se vivi\u00f3 en el mercado.<\/p>\n\n\n\n<p>Alfonso S\u00e1nchez escuch\u00f3 atentamente las inquietudes de comerciantes como Mari Cruz S\u00e1nchez Mart\u00ednez y Jos\u00e9 Rosales, quienes, junto con la delegada de la colonia, Mar\u00eda Teresa Covarrubias \u00c1lvarez, plantearon diversas necesidades.<\/p>\n\n\n\n<p>Con sensibilidad y compromiso, el alcalde asegur\u00f3 que su administraci\u00f3n buscar\u00e1 alternativas para atender estas peticiones que beneficiar\u00e1n a todos los que forman parte de este mercado con m\u00e1s de 30 a\u00f1os de tradici\u00f3n.<\/p>\n\n\n\n<p>\u201cEstar cerca de la gente y escuchar su sentir es la mejor manera de encontrar soluciones que mejoren su calidad de vida\u201d, afirm\u00f3 el alcalde mientras saludaba a comerciantes de verduras, carnes, quesos, ropa y otros art\u00edculos.<\/p>\n\n\n\n<p>El presidente anunci\u00f3 que continuar\u00e1 visitando personalmente los mercados semanales en distintas colonias, como ya hizo en Loma Bonita y ahora en La Joya, para conocer de primera mano las necesidades de los comerciantes y consumidores.<\/p>\n\n\n\n<p>Durante su recorrido, destac\u00f3 que en ese mismo momento, una cuadrilla de la Direcci\u00f3n de Obras P\u00fablicas y Desarrollo Urbano realizaba labores de bacheo en la calle Justo Sierra, en San Gabriel Cuauhtla, importante v\u00eda de acceso a La Joya.<\/p>\n\n\n\n<p>Finalmente, el alcalde record\u00f3 que en la calle Esmeralda, justo donde se instala este tianguis en La Joya, su administraci\u00f3n llev\u00f3 a cabo una rehabilitaci\u00f3n integral que hoy permite una mejor movilidad para los habitantes de la zona, lo que confirma su inter\u00e9s por trabajar de cerca con la ciudadan\u00eda.<\/p>\n","protected":false},"excerpt":{"rendered":"<p>En un encuentro c\u00e1lido y de cercan\u00eda, el presidente municipal de Tlaxcala, Alfonso S\u00e1nchez Garc\u00eda, recorri\u00f3 el tradicional mercado de los mi\u00e9rcoles en La Joya, donde fue recibido con entusiasmo por comerciantes y familias de esta popular colonia de la capital. Durante su recorrido, el alcalde comparti\u00f3 sonrisas y di\u00e1logos francos con locatarios como do\u00f1a [&hellip;]<\/p>\n","protected":false},"author":4,"featured_media":97100,"comment_status":"open","ping_status":"open","sticky":false,"template":"","format":"standard","meta":{"om_disable_all_campaigns":false,"_monsterinsights_skip_tracking":false,"_monsterinsights_sitenote_active":false,"_monsterinsights_sitenote_note":"","_monsterinsights_sitenote_category":0,"jnews-multi-image_gallery":[],"jnews_single_post":{"format":"standard"},"jnews_primary_category":[],"footnotes":""},"categories":[1],"tags":[],"class_list":["post-97099","post","type-post","status-publish","format-standard","has-post-thumbnail","hentry","category-uncategorized"],"aioseo_notices":[],"_links":{"self":[{"href":"https:\/\/estado29.mx\/index.php?rest_route=\/wp\/v2\/posts\/97099","targetHints":{"allow":["GET"]}}],"collection":[{"href":"https:\/\/estado29.mx\/index.php?rest_route=\/wp\/v2\/posts"}],"about":[{"href":"https:\/\/estado29.mx\/index.php?rest_route=\/wp\/v2\/types\/post"}],"author":[{"embeddable":true,"href":"https:\/\/estado29.mx\/index.php?rest_route=\/wp\/v2\/users\/4"}],"replies":[{"embeddable":true,"href":"https:\/\/estado29.mx\/index.php?rest_route=%2Fwp%2Fv2%2Fcomments&post=97099"}],"version-history":[{"count":1,"href":"https:\/\/estado29.mx\/index.php?rest_route=\/wp\/v2\/posts\/97099\/revisions"}],"predecessor-version":[{"id":97101,"href":"https:\/\/estado29.mx\/index.php?rest_route=\/wp\/v2\/posts\/97099\/revisions\/97101"}],"wp:featuredmedia":[{"embeddable":true,"href":"https:\/\/estado29.mx\/index.php?rest_route=\/wp\/v2\/media\/97100"}],"wp:attachment":[{"href":"https:\/\/estado29.mx\/index.php?rest_route=%2Fwp%2Fv2%2Fmedia&parent=97099"}],"wp:term":[{"taxonomy":"category","embeddable":true,"href":"https:\/\/estado29.mx\/index.php?rest_route=%2Fwp%2Fv2%2Fcategories&post=97099"},{"taxonomy":"post_tag","embeddable":true,"href":"https:\/\/estado29.mx\/index.php?rest_route=%2Fwp%2Fv2%2Ftags&post=97099"}],"curies":[{"name":"wp","href":"https:\/\/api.w.org\/{rel}","templated":true}]}}