{"id":97105,"date":"2025-07-03T23:46:42","date_gmt":"2025-07-03T23:46:42","guid":{"rendered":"https:\/\/estado29.mx\/?p=97105"},"modified":"2025-07-03T23:46:42","modified_gmt":"2025-07-03T23:46:42","slug":"invita-dif-huamantla-al-campamento-de-verano-aventuras-diferentes","status":"publish","type":"post","link":"https:\/\/estado29.mx\/?p=97105","title":{"rendered":"INVITA DIF HUAMANTLA AL CAMPAMENTO DE VERANO \u201cAVENTURAS DIFERENTES\u201d"},"content":{"rendered":"<figure class=\"wp-block-post-featured-image\"><img loading=\"lazy\" decoding=\"async\" width=\"1080\" height=\"1350\" src=\"https:\/\/estado29.mx\/wp-content\/uploads\/2025\/07\/WhatsApp-Image-2025-06-30-at-12.02.09-PM.jpeg\" class=\"attachment-post-thumbnail size-post-thumbnail wp-post-image\" alt=\"\" style=\"object-fit:cover;\" srcset=\"https:\/\/estado29.mx\/wp-content\/uploads\/2025\/07\/WhatsApp-Image-2025-06-30-at-12.02.09-PM.jpeg 1080w, https:\/\/estado29.mx\/wp-content\/uploads\/2025\/07\/WhatsApp-Image-2025-06-30-at-12.02.09-PM-240x300.jpeg 240w, https:\/\/estado29.mx\/wp-content\/uploads\/2025\/07\/WhatsApp-Image-2025-06-30-at-12.02.09-PM-819x1024.jpeg 819w, https:\/\/estado29.mx\/wp-content\/uploads\/2025\/07\/WhatsApp-Image-2025-06-30-at-12.02.09-PM-768x960.jpeg 768w, https:\/\/estado29.mx\/wp-content\/uploads\/2025\/07\/WhatsApp-Image-2025-06-30-at-12.02.09-PM-750x938.jpeg 750w\" sizes=\"auto, (max-width: 1080px) 100vw, 1080px\" \/><\/figure>\n\n\n<p>El Gobierno Municipal de Huamantla, a trav\u00e9s del Sistema DIF Municipal, invita a todas las ni\u00f1as y ni\u00f1os huamantlecos a formar parte del Campamento de Verano \u201cAventuras DIFerentes\u201d, una iniciativa dise\u00f1ada para brindar espacios de sana convivencia, aprendizaje y diversi\u00f3n durante el receso escolar.<\/p>\n\n\n\n<p>Este campamento se llevar\u00e1 a cabo del 21 de julio al 13 de agosto, y est\u00e1 dirigido a ni\u00f1as y ni\u00f1os de entre 5 y 13 a\u00f1os de edad. A lo largo de estas semanas, las y los participantes podr\u00e1n disfrutar de actividades y talleres tem\u00e1ticos que promueven el desarrollo integral y la creatividad, entre los que se encuentran:<\/p>\n\n\n\n<p>\ud83c\udfb6 Taller de M\u00fasica<br>\ud83c\udf73 Cocina divertida<br>\u26bd Actividades deportivas<br>\ud83c\udfa8 Pintura y expresi\u00f3n art\u00edstica<br>\ud83e\udde0 Psicolog\u00eda y desarrollo emocional<br>El programa se realiza en coordinaci\u00f3n con distintas \u00e1reas de la administraci\u00f3n municipal, garantizando un entorno seguro y enriquecedor para las y los asistentes.<\/p>\n\n\n\n<p>El registro ya se encuentra abierto y puede realizarse a trav\u00e9s del siguiente enlace:<br>https:\/\/docs.google.com\/forms\/d\/e\/1FAIpQLScG8wJj9EMQI9PgzaYKIAsppZVlDAdHovG5r5N3tcrvjnTQCg\/viewform?fbclid=IwY2xjawLPqXZleHRuA2FlbQIxMABicmlkETFWdm1xcFQ5S3ZncGJWRUtmAR6fmIRforvDUfzsY1nPDPCXQyXe9sEL_8FePrZouhjYEAk9EWNPeTAbQkQ1fg_aem_uOqO4-g52hXTre8LNfypig<\/p>\n\n\n\n<p>Asimismo, se invita a madres, padres y tutores a consultar las bases completas en la convocatoria oficial, para conocer todos los detalles del campamento.<\/p>\n\n\n\n<p>Con acciones como esta, el Gobierno Municipal de Huamantla que preside Salvador Santos Cedillo, impulsa el desarrollo integral de la ni\u00f1ez y promueve espacios de sana convivencia, demostrando que cuando se trabaja con el coraz\u00f3n, no se necesita hablar de compromiso.<\/p>\n","protected":false},"excerpt":{"rendered":"<p>El Gobierno Municipal de Huamantla, a trav\u00e9s del Sistema DIF Municipal, invita a todas las ni\u00f1as y ni\u00f1os huamantlecos a formar parte del Campamento de Verano \u201cAventuras DIFerentes\u201d, una iniciativa dise\u00f1ada para brindar espacios de sana convivencia, aprendizaje y diversi\u00f3n durante el receso escolar. Este campamento se llevar\u00e1 a cabo del 21 de julio al [&hellip;]<\/p>\n","protected":false},"author":9,"featured_media":97106,"comment_status":"open","ping_status":"open","sticky":false,"template":"","format":"standard","meta":{"om_disable_all_campaigns":false,"_monsterinsights_skip_tracking":false,"_monsterinsights_sitenote_active":false,"_monsterinsights_sitenote_note":"","_monsterinsights_sitenote_category":0,"jnews-multi-image_gallery":[],"jnews_single_post":{"format":"standard"},"jnews_primary_category":[],"footnotes":""},"categories":[1],"tags":[],"class_list":["post-97105","post","type-post","status-publish","format-standard","has-post-thumbnail","hentry","category-uncategorized"],"aioseo_notices":[],"_links":{"self":[{"href":"https:\/\/estado29.mx\/index.php?rest_route=\/wp\/v2\/posts\/97105","targetHints":{"allow":["GET"]}}],"collection":[{"href":"https:\/\/estado29.mx\/index.php?rest_route=\/wp\/v2\/posts"}],"about":[{"href":"https:\/\/estado29.mx\/index.php?rest_route=\/wp\/v2\/types\/post"}],"author":[{"embeddable":true,"href":"https:\/\/estado29.mx\/index.php?rest_route=\/wp\/v2\/users\/9"}],"replies":[{"embeddable":true,"href":"https:\/\/estado29.mx\/index.php?rest_route=%2Fwp%2Fv2%2Fcomments&post=97105"}],"version-history":[{"count":1,"href":"https:\/\/estado29.mx\/index.php?rest_route=\/wp\/v2\/posts\/97105\/revisions"}],"predecessor-version":[{"id":97107,"href":"https:\/\/estado29.mx\/index.php?rest_route=\/wp\/v2\/posts\/97105\/revisions\/97107"}],"wp:featuredmedia":[{"embeddable":true,"href":"https:\/\/estado29.mx\/index.php?rest_route=\/wp\/v2\/media\/97106"}],"wp:attachment":[{"href":"https:\/\/estado29.mx\/index.php?rest_route=%2Fwp%2Fv2%2Fmedia&parent=97105"}],"wp:term":[{"taxonomy":"category","embeddable":true,"href":"https:\/\/estado29.mx\/index.php?rest_route=%2Fwp%2Fv2%2Fcategories&post=97105"},{"taxonomy":"post_tag","embeddable":true,"href":"https:\/\/estado29.mx\/index.php?rest_route=%2Fwp%2Fv2%2Ftags&post=97105"}],"curies":[{"name":"wp","href":"https:\/\/api.w.org\/{rel}","templated":true}]}}