{"id":97114,"date":"2025-07-03T23:49:36","date_gmt":"2025-07-03T23:49:36","guid":{"rendered":"https:\/\/estado29.mx\/?p=97114"},"modified":"2025-07-03T23:49:36","modified_gmt":"2025-07-03T23:49:36","slug":"con-gran-participacion-se-llevo-a-cabo-la-caravana-de-salud-y-servicios-del-ayuntamiento-en-emiliano-zapata","status":"publish","type":"post","link":"https:\/\/estado29.mx\/?p=97114","title":{"rendered":"CON GRAN PARTICIPACI\u00d3N SE LLEVO A CABO LA CARAVANA DE SALUD Y SERVICIOS DEL AYUNTAMIENTO EN EMILIANO ZAPATA"},"content":{"rendered":"<figure class=\"wp-block-post-featured-image\"><img loading=\"lazy\" decoding=\"async\" width=\"1280\" height=\"960\" src=\"https:\/\/estado29.mx\/wp-content\/uploads\/2025\/07\/WhatsApp-Image-2025-07-02-at-11.08.08-AM.jpeg\" class=\"attachment-post-thumbnail size-post-thumbnail wp-post-image\" alt=\"\" style=\"object-fit:cover;\" srcset=\"https:\/\/estado29.mx\/wp-content\/uploads\/2025\/07\/WhatsApp-Image-2025-07-02-at-11.08.08-AM.jpeg 1280w, https:\/\/estado29.mx\/wp-content\/uploads\/2025\/07\/WhatsApp-Image-2025-07-02-at-11.08.08-AM-300x225.jpeg 300w, https:\/\/estado29.mx\/wp-content\/uploads\/2025\/07\/WhatsApp-Image-2025-07-02-at-11.08.08-AM-1024x768.jpeg 1024w, https:\/\/estado29.mx\/wp-content\/uploads\/2025\/07\/WhatsApp-Image-2025-07-02-at-11.08.08-AM-768x576.jpeg 768w, https:\/\/estado29.mx\/wp-content\/uploads\/2025\/07\/WhatsApp-Image-2025-07-02-at-11.08.08-AM-750x563.jpeg 750w, https:\/\/estado29.mx\/wp-content\/uploads\/2025\/07\/WhatsApp-Image-2025-07-02-at-11.08.08-AM-1140x855.jpeg 1140w\" sizes=\"auto, (max-width: 1280px) 100vw, 1280px\" \/><\/figure>\n\n\n<p>Este martes 1 de julio, la colonia de Emiliano Zapata fue sede de la Caravana de salud y servicios impulsada por el Ayuntamiento de Huamantla y el Sistema Municipal DIF.<\/p>\n\n\n\n<p>Desde temprana hora, vecinas y vecinos se dieron cita para recibir atenci\u00f3n personalizada en un ambiente de confianza y cercan\u00eda.<\/p>\n\n\n\n<p>Durante la jornada, se brindaron diversos servicios gratuitos pensados para mejorar la calidad de vida de la poblaci\u00f3n. En cada m\u00f3dulo se atendieron entre 10 y 15 personas, destacando la participaci\u00f3n activa de la ciudadan\u00eda en \u00e1reas como consulta m\u00e9dica, odontolog\u00eda, psicolog\u00eda, nutrici\u00f3n y m\u00e1s.<\/p>\n\n\n\n<p>Adem\u00e1s, la cl\u00ednica biof\u00edlica tambi\u00e9n tuvo gran respuesta por parte de la comunidad, atendiendo a un n\u00famero considerable de mascotas, contribuyendo as\u00ed al bienestar animal en el municipio.<br>Entre los servicios m\u00e1s solicitados se encuentran:<br>Entrega de lentes: 29 personas beneficiadas<br>An\u00e1lisis cl\u00ednicos: 8 estudios solicitados<\/p>\n\n\n\n<p>Con estas acciones, el Gobierno Municipal de Huamantla, presidido por Salvador Santos Cedillo reafirma la seguridad de seguir recorriendo cada rinc\u00f3n del municipio, acercando servicios accesibles, \u00fatiles y con sentido humano con la finalidad de construir un Huamantla m\u00e1s sano, fuerte y solidario.<\/p>\n","protected":false},"excerpt":{"rendered":"<p>Este martes 1 de julio, la colonia de Emiliano Zapata fue sede de la Caravana de salud y servicios impulsada por el Ayuntamiento de Huamantla y el Sistema Municipal DIF. Desde temprana hora, vecinas y vecinos se dieron cita para recibir atenci\u00f3n personalizada en un ambiente de confianza y cercan\u00eda. Durante la jornada, se brindaron [&hellip;]<\/p>\n","protected":false},"author":9,"featured_media":97115,"comment_status":"open","ping_status":"open","sticky":false,"template":"","format":"standard","meta":{"om_disable_all_campaigns":false,"_monsterinsights_skip_tracking":false,"_monsterinsights_sitenote_active":false,"_monsterinsights_sitenote_note":"","_monsterinsights_sitenote_category":0,"jnews-multi-image_gallery":[],"jnews_single_post":{"format":"standard"},"jnews_primary_category":[],"footnotes":""},"categories":[1],"tags":[],"class_list":["post-97114","post","type-post","status-publish","format-standard","has-post-thumbnail","hentry","category-uncategorized"],"aioseo_notices":[],"_links":{"self":[{"href":"https:\/\/estado29.mx\/index.php?rest_route=\/wp\/v2\/posts\/97114","targetHints":{"allow":["GET"]}}],"collection":[{"href":"https:\/\/estado29.mx\/index.php?rest_route=\/wp\/v2\/posts"}],"about":[{"href":"https:\/\/estado29.mx\/index.php?rest_route=\/wp\/v2\/types\/post"}],"author":[{"embeddable":true,"href":"https:\/\/estado29.mx\/index.php?rest_route=\/wp\/v2\/users\/9"}],"replies":[{"embeddable":true,"href":"https:\/\/estado29.mx\/index.php?rest_route=%2Fwp%2Fv2%2Fcomments&post=97114"}],"version-history":[{"count":1,"href":"https:\/\/estado29.mx\/index.php?rest_route=\/wp\/v2\/posts\/97114\/revisions"}],"predecessor-version":[{"id":97116,"href":"https:\/\/estado29.mx\/index.php?rest_route=\/wp\/v2\/posts\/97114\/revisions\/97116"}],"wp:featuredmedia":[{"embeddable":true,"href":"https:\/\/estado29.mx\/index.php?rest_route=\/wp\/v2\/media\/97115"}],"wp:attachment":[{"href":"https:\/\/estado29.mx\/index.php?rest_route=%2Fwp%2Fv2%2Fmedia&parent=97114"}],"wp:term":[{"taxonomy":"category","embeddable":true,"href":"https:\/\/estado29.mx\/index.php?rest_route=%2Fwp%2Fv2%2Fcategories&post=97114"},{"taxonomy":"post_tag","embeddable":true,"href":"https:\/\/estado29.mx\/index.php?rest_route=%2Fwp%2Fv2%2Ftags&post=97114"}],"curies":[{"name":"wp","href":"https:\/\/api.w.org\/{rel}","templated":true}]}}