{"id":97126,"date":"2025-07-03T23:54:09","date_gmt":"2025-07-03T23:54:09","guid":{"rendered":"https:\/\/estado29.mx\/?p=97126"},"modified":"2025-07-03T23:54:09","modified_gmt":"2025-07-03T23:54:09","slug":"campana-nacional-mexicosintortura2025","status":"publish","type":"post","link":"https:\/\/estado29.mx\/?p=97126","title":{"rendered":"Campa\u00f1a Nacional \u201cMexicosinTortura2025\u201d"},"content":{"rendered":"<figure class=\"wp-block-post-featured-image\"><img loading=\"lazy\" decoding=\"async\" width=\"1481\" height=\"805\" src=\"https:\/\/estado29.mx\/wp-content\/uploads\/2025\/07\/27-Se-suma-la-UATx-a-difusion-de-la-Campana-Nacional-MexicosinTortura2025-3.jpg\" class=\"attachment-post-thumbnail size-post-thumbnail wp-post-image\" alt=\"\" style=\"object-fit:cover;\" srcset=\"https:\/\/estado29.mx\/wp-content\/uploads\/2025\/07\/27-Se-suma-la-UATx-a-difusion-de-la-Campana-Nacional-MexicosinTortura2025-3.jpg 1481w, https:\/\/estado29.mx\/wp-content\/uploads\/2025\/07\/27-Se-suma-la-UATx-a-difusion-de-la-Campana-Nacional-MexicosinTortura2025-3-300x163.jpg 300w, https:\/\/estado29.mx\/wp-content\/uploads\/2025\/07\/27-Se-suma-la-UATx-a-difusion-de-la-Campana-Nacional-MexicosinTortura2025-3-1024x557.jpg 1024w, https:\/\/estado29.mx\/wp-content\/uploads\/2025\/07\/27-Se-suma-la-UATx-a-difusion-de-la-Campana-Nacional-MexicosinTortura2025-3-768x417.jpg 768w, https:\/\/estado29.mx\/wp-content\/uploads\/2025\/07\/27-Se-suma-la-UATx-a-difusion-de-la-Campana-Nacional-MexicosinTortura2025-3-750x408.jpg 750w, https:\/\/estado29.mx\/wp-content\/uploads\/2025\/07\/27-Se-suma-la-UATx-a-difusion-de-la-Campana-Nacional-MexicosinTortura2025-3-1140x620.jpg 1140w\" sizes=\"auto, (max-width: 1481px) 100vw, 1481px\" \/><\/figure>\n\n\n<p>\u00fc Entre otras actividades ofreci\u00f3 la conferencia \ud835\udc0b\ud835\udc1a \ud835\udc2d\ud835\udc28\ud835\udc2b\ud835\udc2d\ud835\udc2e\ud835\udc2b\ud835\udc1a \ud835\udc1e\ud835\udc27 \ud835\udc0c\ud835\udc1e\u0301\ud835\udc31\ud835\udc22\ud835\udc1c\ud835\udc28 \ud835\udc21\ud835\udc28\ud835\udc32 \ud835\udc32 \ud835\udc1c\ud835\udc28\u0301\ud835\udc26\ud835\udc28 \ud835\udc1e\ud835\udc2b\ud835\udc2b\ud835\udc1a\ud835\udc1d\ud835\udc22\ud835\udc1c\ud835\udc1a\ud835\udc2b\ud835\udc25\ud835\udc1a<\/p>\n\n\n\n<p>La Defensor\u00eda de los Derechos Humanos y la Unidad Integral para la Atenci\u00f3n a la Violencia por Raz\u00f3n de G\u00e9nero de la Universidad Aut\u00f3noma de Tlaxcala (UATx) organizaron la conferencia \ud835\udc0b\ud835\udc1a \ud835\udc2d\ud835\udc28\ud835\udc2b\ud835\udc2d\ud835\udc2e\ud835\udc2b\ud835\udc1a \ud835\udc1e\ud835\udc27 \ud835\udc0c\ud835\udc1e\u0301\ud835\udc31\ud835\udc22\ud835\udc1c\ud835\udc28 \ud835\udc21\ud835\udc28\ud835\udc32 \ud835\udc32 \ud835\udc1c\ud835\udc28\u0301\ud835\udc26\ud835\udc28 \ud835\udc1e\ud835\udc2b\ud835\udc2b\ud835\udc1a\ud835\udc1d\ud835\udc22\ud835\udc1c\ud835\udc1a\ud835\udc2b\ud835\udc25\ud835\udc1a, que imparti\u00f3 el Doctor Ra\u00fal \u00c1vila Ortiz, como parte de la campa\u00f1a #M\u00e9xicoSinTortura2025, impulsada por el Gobierno de M\u00e9xico y la Subsecretar\u00eda de Derechos Humanos, Poblaci\u00f3n y Migraci\u00f3n.<\/p>\n\n\n\n<p>Al conmemorarse el \ud835\udc03\ud835\udc22\u0301\ud835\udc1a \ud835\udc08\ud835\udc27\ud835\udc2d\ud835\udc1e\ud835\udc2b\ud835\udc27\ud835\udc1a\ud835\udc1c\ud835\udc22\ud835\udc28\ud835\udc27\ud835\udc1a\ud835\udc25 \ud835\udc1e\ud835\udc27 \ud835\udc00\ud835\udc29\ud835\udc28\ud835\udc32\ud835\udc28 \ud835\udc1d\ud835\udc1e \ud835\udc25\ud835\udc1a\ud835\udc2c \ud835\udc15\ud835\udc22\u0301\ud835\udc1c\ud835\udc2d\ud835\udc22\ud835\udc26\ud835\udc1a\ud835\udc2c \ud835\udc1d\ud835\udc1e \ud835\udc25\ud835\udc1a \ud835\udc13\ud835\udc28\ud835\udc2b\ud835\udc2d\ud835\udc2e\ud835\udc2b\ud835\udc1a, en modalidad virtual, el Doctor \u00c1vila Ortiz subray\u00f3 que esta fecha busca visibilizar y sensibilizar sobre la situaci\u00f3n de las miles de personas que han sido o contin\u00faan siendo v\u00edctimas de tortura en el mundo.<\/p>\n\n\n\n<p>El ponente precis\u00f3 que a lo largo de la historia se han empleado diversos mecanismos de tortura con fines diversos como la obtenci\u00f3n de confesiones, el castigo, la intimidaci\u00f3n o el control social.<\/p>\n\n\n\n<p>Asimismo, se refiri\u00f3 al \ud835\udc0f\ud835\udc2b\ud835\udc28\ud835\udc2d\ud835\udc28\ud835\udc1c\ud835\udc28\ud835\udc25\ud835\udc28 \ud835\udc1d\ud835\udc1e \ud835\udc04\ud835\udc2c\ud835\udc2d\ud835\udc1a\ud835\udc26\ud835\udc1b\ud835\udc2e\ud835\udc25, un manual elaborado por la Organizaci\u00f3n de las Naciones Unidas que establece directrices para la investigaci\u00f3n y documentaci\u00f3n de casos de tortura y otros tratos crueles, inhumanos o degradantes.<\/p>\n\n\n\n<p>Al finalizar, el investigador nacional comparti\u00f3 una serie de recomendaciones para reducir la tortura en M\u00e9xico, entre ellas: fortalecer las acciones de prevenci\u00f3n, capacitar de forma continua a las instancias juzgadoras, y mejorar la eficacia e integridad del sistema de justicia penal.<\/p>\n\n\n\n<p>El Doctor Ra\u00fal \u00c1vila Ortiz es Doctor en Derecho por la Universidad Nacional Aut\u00f3noma de M\u00e9xico, especialista en Derechos Humanos y en Justicia Constitucional por la Universidad de La Mancha, Espa\u00f1a, y docente-investigador del Centro de Investigaciones Jur\u00eddico-Pol\u00edticas de la UATx.<\/p>\n","protected":false},"excerpt":{"rendered":"<p>\u00fc Entre otras actividades ofreci\u00f3 la conferencia \ud835\udc0b\ud835\udc1a \ud835\udc2d\ud835\udc28\ud835\udc2b\ud835\udc2d\ud835\udc2e\ud835\udc2b\ud835\udc1a \ud835\udc1e\ud835\udc27 \ud835\udc0c\ud835\udc1e\u0301\ud835\udc31\ud835\udc22\ud835\udc1c\ud835\udc28 \ud835\udc21\ud835\udc28\ud835\udc32 \ud835\udc32 \ud835\udc1c\ud835\udc28\u0301\ud835\udc26\ud835\udc28 \ud835\udc1e\ud835\udc2b\ud835\udc2b\ud835\udc1a\ud835\udc1d\ud835\udc22\ud835\udc1c\ud835\udc1a\ud835\udc2b\ud835\udc25\ud835\udc1a La Defensor\u00eda de los Derechos Humanos y la Unidad Integral para la Atenci\u00f3n a la Violencia por Raz\u00f3n de G\u00e9nero de la Universidad Aut\u00f3noma de Tlaxcala (UATx) organizaron la conferencia \ud835\udc0b\ud835\udc1a \ud835\udc2d\ud835\udc28\ud835\udc2b\ud835\udc2d\ud835\udc2e\ud835\udc2b\ud835\udc1a \ud835\udc1e\ud835\udc27 \ud835\udc0c\ud835\udc1e\u0301\ud835\udc31\ud835\udc22\ud835\udc1c\ud835\udc28 \ud835\udc21\ud835\udc28\ud835\udc32 \ud835\udc32 \ud835\udc1c\ud835\udc28\u0301\ud835\udc26\ud835\udc28 \ud835\udc1e\ud835\udc2b\ud835\udc2b\ud835\udc1a\ud835\udc1d\ud835\udc22\ud835\udc1c\ud835\udc1a\ud835\udc2b\ud835\udc25\ud835\udc1a, que imparti\u00f3 [&hellip;]<\/p>\n","protected":false},"author":9,"featured_media":97127,"comment_status":"open","ping_status":"open","sticky":false,"template":"","format":"standard","meta":{"om_disable_all_campaigns":false,"_monsterinsights_skip_tracking":false,"_monsterinsights_sitenote_active":false,"_monsterinsights_sitenote_note":"","_monsterinsights_sitenote_category":0,"jnews-multi-image_gallery":[],"jnews_single_post":{"format":"standard"},"jnews_primary_category":[],"footnotes":""},"categories":[1],"tags":[],"class_list":["post-97126","post","type-post","status-publish","format-standard","has-post-thumbnail","hentry","category-uncategorized"],"aioseo_notices":[],"_links":{"self":[{"href":"https:\/\/estado29.mx\/index.php?rest_route=\/wp\/v2\/posts\/97126","targetHints":{"allow":["GET"]}}],"collection":[{"href":"https:\/\/estado29.mx\/index.php?rest_route=\/wp\/v2\/posts"}],"about":[{"href":"https:\/\/estado29.mx\/index.php?rest_route=\/wp\/v2\/types\/post"}],"author":[{"embeddable":true,"href":"https:\/\/estado29.mx\/index.php?rest_route=\/wp\/v2\/users\/9"}],"replies":[{"embeddable":true,"href":"https:\/\/estado29.mx\/index.php?rest_route=%2Fwp%2Fv2%2Fcomments&post=97126"}],"version-history":[{"count":1,"href":"https:\/\/estado29.mx\/index.php?rest_route=\/wp\/v2\/posts\/97126\/revisions"}],"predecessor-version":[{"id":97128,"href":"https:\/\/estado29.mx\/index.php?rest_route=\/wp\/v2\/posts\/97126\/revisions\/97128"}],"wp:featuredmedia":[{"embeddable":true,"href":"https:\/\/estado29.mx\/index.php?rest_route=\/wp\/v2\/media\/97127"}],"wp:attachment":[{"href":"https:\/\/estado29.mx\/index.php?rest_route=%2Fwp%2Fv2%2Fmedia&parent=97126"}],"wp:term":[{"taxonomy":"category","embeddable":true,"href":"https:\/\/estado29.mx\/index.php?rest_route=%2Fwp%2Fv2%2Fcategories&post=97126"},{"taxonomy":"post_tag","embeddable":true,"href":"https:\/\/estado29.mx\/index.php?rest_route=%2Fwp%2Fv2%2Ftags&post=97126"}],"curies":[{"name":"wp","href":"https:\/\/api.w.org\/{rel}","templated":true}]}}