{"id":97129,"date":"2025-07-03T23:55:53","date_gmt":"2025-07-03T23:55:53","guid":{"rendered":"https:\/\/estado29.mx\/?p=97129"},"modified":"2025-07-03T23:55:53","modified_gmt":"2025-07-03T23:55:53","slug":"uatx-y-cobat-firman-acuerdo-de-colaboracion","status":"publish","type":"post","link":"https:\/\/estado29.mx\/?p=97129","title":{"rendered":"UATx y COBAT firman acuerdo de colaboraci\u00f3n"},"content":{"rendered":"<figure class=\"wp-block-post-featured-image\"><img loading=\"lazy\" decoding=\"async\" width=\"1196\" height=\"536\" src=\"https:\/\/estado29.mx\/wp-content\/uploads\/2025\/07\/WhatsApp-Image-2025-07-03-at-5.55.33-PM.jpeg\" class=\"attachment-post-thumbnail size-post-thumbnail wp-post-image\" alt=\"\" style=\"object-fit:cover;\" srcset=\"https:\/\/estado29.mx\/wp-content\/uploads\/2025\/07\/WhatsApp-Image-2025-07-03-at-5.55.33-PM.jpeg 1196w, https:\/\/estado29.mx\/wp-content\/uploads\/2025\/07\/WhatsApp-Image-2025-07-03-at-5.55.33-PM-300x134.jpeg 300w, https:\/\/estado29.mx\/wp-content\/uploads\/2025\/07\/WhatsApp-Image-2025-07-03-at-5.55.33-PM-1024x459.jpeg 1024w, https:\/\/estado29.mx\/wp-content\/uploads\/2025\/07\/WhatsApp-Image-2025-07-03-at-5.55.33-PM-768x344.jpeg 768w, https:\/\/estado29.mx\/wp-content\/uploads\/2025\/07\/WhatsApp-Image-2025-07-03-at-5.55.33-PM-750x336.jpeg 750w, https:\/\/estado29.mx\/wp-content\/uploads\/2025\/07\/WhatsApp-Image-2025-07-03-at-5.55.33-PM-1140x511.jpeg 1140w\" sizes=\"auto, (max-width: 1196px) 100vw, 1196px\" \/><\/figure>\n\n\n<p>para elevar cobertura en el nivel superior<\/p>\n\n\n\n<p>El Doctor Seraf\u00edn Ortiz Ortiz, Rector de la Universidad Aut\u00f3noma de Tlaxcala (UATx) y el Doctor Jos\u00e9 Alonso Trujillo Dom\u00ednguez, Director General del Colegio de Bachilleres del estado de Tlaxcala (COBAT), firmaron un convenio marco de colaboraci\u00f3n con el objetivo de intercambiar informaci\u00f3n y materiales acad\u00e9micos y de investigaci\u00f3n en campos tem\u00e1ticos que sean de inter\u00e9s para ambas instituciones y contribuir a la profesionalizaci\u00f3n docente.<\/p>\n\n\n\n<p>Al dar la bienvenida a la comunidad directiva del COBAT y acompa\u00f1ado por la estructura directiva de la Aut\u00f3noma de Tlaxcala, el Doctor Ortiz asegur\u00f3 que este acuerdo permite elevar el conocimiento, la sabidur\u00eda cient\u00edfica, tecnol\u00f3gica y human\u00edstica del pueblo de Tlaxcala, que son aspectos que corresponden a la pol\u00edtica educativa del gobierno de la rep\u00fablica, con lo que se busca arribar a 52 por ciento de cobertura en educaci\u00f3n superior, de ah\u00ed la importancia del crecimiento que alcance el nivel de preparatoria para que las universidades puedan nutrirse de una matr\u00edcula m\u00e1s amplia.<\/p>\n\n\n\n<p>Sostuvo que la m\u00e1xima Casa de Estudios de Tlaxcala, a partir del periodo Primavera 2025, puso en marcha el programa de gratuidad program\u00e1tica enfocado a estudiantes que vivan lejos de su centro educativo, que tengan precariedad econ\u00f3mica y que sean alumnos de alto rendimiento, con el fin de que queden exentos del pago de colegiaturas, cuotas de inscripci\u00f3n o pagos de servicios educativos. Es vital, subray\u00f3 el Rector, la continuidad de esta l\u00ednea de educaci\u00f3n media superior a educaci\u00f3n superior, y para lograrlo se analizan algunas estrategias que faciliten el ingreso de los j\u00f3venes a la Aut\u00f3noma de Tlaxcala.<\/p>\n\n\n\n<p>Por su parte, el Doctor Jos\u00e9 Alonso Trujillo Dom\u00ednguez, Director General del COBAT, consider\u00f3 que el convenio detonar\u00e1 una serie de actividades como la capacitaci\u00f3n permanente de 800 docentes de este subsistema educativo, y dar\u00e1 la oportunidad de avanzar en la formaci\u00f3n de los estudiantes para lograr que este rubro se consolide como el mejor en Tlaxcala y del pa\u00eds.<\/p>\n\n\n\n<p>Insisti\u00f3 que con el trabajo conjunto del COBAT y la UATx lograr\u00e1n cambiar la historia en materia educativa que ha prevalecido en el estado por generaciones y revertir la deserci\u00f3n para que m\u00e1s estudiantes sigan en este proceso de formaci\u00f3n profesional.<\/p>\n\n\n\n<p>En su oportunidad, la Doctora N\u00e9lida Romano Carro, Coordinadora General de Servicio Social y Pr\u00e1cticas Profesionales de la UATx, expuso que con esta colaboraci\u00f3n se desarrollar\u00e1n conferencias y simposios, as\u00ed como proyectos de investigaci\u00f3n conjunta, prestaci\u00f3n de servicio social, pr\u00e1cticas profesionales y la realizaci\u00f3n de actividades deportivas para la comunidad estudiantil de ambas instituciones.<\/p>\n","protected":false},"excerpt":{"rendered":"<p>para elevar cobertura en el nivel superior El Doctor Seraf\u00edn Ortiz Ortiz, Rector de la Universidad Aut\u00f3noma de Tlaxcala (UATx) y el Doctor Jos\u00e9 Alonso Trujillo Dom\u00ednguez, Director General del Colegio de Bachilleres del estado de Tlaxcala (COBAT), firmaron un convenio marco de colaboraci\u00f3n con el objetivo de intercambiar informaci\u00f3n y materiales acad\u00e9micos y de [&hellip;]<\/p>\n","protected":false},"author":9,"featured_media":97130,"comment_status":"open","ping_status":"open","sticky":false,"template":"","format":"standard","meta":{"om_disable_all_campaigns":false,"_monsterinsights_skip_tracking":false,"_monsterinsights_sitenote_active":false,"_monsterinsights_sitenote_note":"","_monsterinsights_sitenote_category":0,"jnews-multi-image_gallery":[],"jnews_single_post":{"format":"standard"},"jnews_primary_category":[],"footnotes":""},"categories":[1],"tags":[],"class_list":["post-97129","post","type-post","status-publish","format-standard","has-post-thumbnail","hentry","category-uncategorized"],"aioseo_notices":[],"_links":{"self":[{"href":"https:\/\/estado29.mx\/index.php?rest_route=\/wp\/v2\/posts\/97129","targetHints":{"allow":["GET"]}}],"collection":[{"href":"https:\/\/estado29.mx\/index.php?rest_route=\/wp\/v2\/posts"}],"about":[{"href":"https:\/\/estado29.mx\/index.php?rest_route=\/wp\/v2\/types\/post"}],"author":[{"embeddable":true,"href":"https:\/\/estado29.mx\/index.php?rest_route=\/wp\/v2\/users\/9"}],"replies":[{"embeddable":true,"href":"https:\/\/estado29.mx\/index.php?rest_route=%2Fwp%2Fv2%2Fcomments&post=97129"}],"version-history":[{"count":1,"href":"https:\/\/estado29.mx\/index.php?rest_route=\/wp\/v2\/posts\/97129\/revisions"}],"predecessor-version":[{"id":97131,"href":"https:\/\/estado29.mx\/index.php?rest_route=\/wp\/v2\/posts\/97129\/revisions\/97131"}],"wp:featuredmedia":[{"embeddable":true,"href":"https:\/\/estado29.mx\/index.php?rest_route=\/wp\/v2\/media\/97130"}],"wp:attachment":[{"href":"https:\/\/estado29.mx\/index.php?rest_route=%2Fwp%2Fv2%2Fmedia&parent=97129"}],"wp:term":[{"taxonomy":"category","embeddable":true,"href":"https:\/\/estado29.mx\/index.php?rest_route=%2Fwp%2Fv2%2Fcategories&post=97129"},{"taxonomy":"post_tag","embeddable":true,"href":"https:\/\/estado29.mx\/index.php?rest_route=%2Fwp%2Fv2%2Ftags&post=97129"}],"curies":[{"name":"wp","href":"https:\/\/api.w.org\/{rel}","templated":true}]}}