{"id":97132,"date":"2025-07-03T23:57:07","date_gmt":"2025-07-03T23:57:07","guid":{"rendered":"https:\/\/estado29.mx\/?p=97132"},"modified":"2025-07-03T23:57:07","modified_gmt":"2025-07-03T23:57:07","slug":"uatx-y-ucsm-concretan-movilidad-estudiantil-y-docente","status":"publish","type":"post","link":"https:\/\/estado29.mx\/?p=97132","title":{"rendered":"UATx y UCSM concretan movilidad estudiantil y docente"},"content":{"rendered":"<figure class=\"wp-block-post-featured-image\"><img loading=\"lazy\" decoding=\"async\" width=\"1280\" height=\"852\" src=\"https:\/\/estado29.mx\/wp-content\/uploads\/2025\/07\/26-UATx-y-UCSM-concretan-movilidad-estudiantil-y-docente-2.jpeg\" class=\"attachment-post-thumbnail size-post-thumbnail wp-post-image\" alt=\"\" style=\"object-fit:cover;\" srcset=\"https:\/\/estado29.mx\/wp-content\/uploads\/2025\/07\/26-UATx-y-UCSM-concretan-movilidad-estudiantil-y-docente-2.jpeg 1280w, https:\/\/estado29.mx\/wp-content\/uploads\/2025\/07\/26-UATx-y-UCSM-concretan-movilidad-estudiantil-y-docente-2-300x200.jpeg 300w, https:\/\/estado29.mx\/wp-content\/uploads\/2025\/07\/26-UATx-y-UCSM-concretan-movilidad-estudiantil-y-docente-2-1024x682.jpeg 1024w, https:\/\/estado29.mx\/wp-content\/uploads\/2025\/07\/26-UATx-y-UCSM-concretan-movilidad-estudiantil-y-docente-2-768x511.jpeg 768w, https:\/\/estado29.mx\/wp-content\/uploads\/2025\/07\/26-UATx-y-UCSM-concretan-movilidad-estudiantil-y-docente-2-750x499.jpeg 750w, https:\/\/estado29.mx\/wp-content\/uploads\/2025\/07\/26-UATx-y-UCSM-concretan-movilidad-estudiantil-y-docente-2-1140x759.jpeg 1140w\" sizes=\"auto, (max-width: 1280px) 100vw, 1280px\" \/><\/figure>\n\n\n<p>\u00fc La delegaci\u00f3n de Arequipa constata la intensa actividad acad\u00e9mica en docencia e investigaci\u00f3n<\/p>\n\n\n\n<p>La Universidad Aut\u00f3noma de Tlaxcala (UATx) y la Universidad Cat\u00f3lica de Santa Mar\u00eda (UCSM) de Arequipa, Per\u00fa, consolidan una alianza estrat\u00e9gica que fortalece la formaci\u00f3n acad\u00e9mica de sus comunidades con programas de movilidad y colaboraci\u00f3n rec\u00edproca para impulsar la educaci\u00f3n superior y la investigaci\u00f3n en Latinoam\u00e9rica.<\/p>\n\n\n\n<p>Esta semana el Doctor Seraf\u00edn Ortiz Ortiz, Rector de la UATx, recibi\u00f3 a la Doctora Roxana Guti\u00e9rrez Aran\u00edbar, Directora de la Escuela de Posgrado, y al Doctor Benjam\u00edn Carrasco del Carpi\u00f3, Director de Relaciones Internacionales de la UCSM, a quienes brind\u00f3 todas las facilidades para cumplir con su agenda de trabajo durante su estancia en la Aut\u00f3noma de Tlaxcala.<\/p>\n\n\n\n<p>Por tal motivo, la Doctora Roxana Guti\u00e9rrez acompa\u00f1ada por la Doctora Margarita Mart\u00ednez G\u00f3mez, Secretaria de Investigaci\u00f3n Cient\u00edfica y Posgrado, constat\u00f3 la fortaleza que representan para la UATx sus centros de investigaci\u00f3n. En su visita al Centro de Investigaciones Jur\u00eddico-Pol\u00edticas (CIJUREP), el Doctor Omar V\u00e1zquez S\u00e1nchez, Coordinador General del CIJUREP, ofreci\u00f3 una explicaci\u00f3n de las l\u00edneas de investigaci\u00f3n que desarrollan con aportes relevantes al campo de la ciencia jur\u00eddica en el pa\u00eds.<\/p>\n\n\n\n<p>Asimismo, el recorrido incluy\u00f3 el Centro de Investigaci\u00f3n Educativa (CIE), espacio en el que la Doctora Mariela Jim\u00e9nez V\u00e1zquez, Secretaria Acad\u00e9mica del CIE, brind\u00f3 pormenores de la intensa actividad que despliegan en educaci\u00f3n continua y en su oferta acad\u00e9mica de posgrado con impacto en el escenario nacional.<\/p>\n\n\n\n<p>La estancia en los centros de investigaci\u00f3n, ubicados en el campus Rector\u00eda, concluy\u00f3 con el Centro Tlaxcala de Biolog\u00eda de la Conducta (CTBC), en donde la Doctora Guti\u00e9rrez Aran\u00edbar pudo observar las instalaciones y las pr\u00e1cticas de investigaci\u00f3n que posicionan al CTBC con un liderazgo en el estudio de la conducta animal.<\/p>\n\n\n\n<p>Bajo este tenor, la Coordinaci\u00f3n de Enlace Internacional, Vinculaci\u00f3n e Intercambio Acad\u00e9mico de la UATx, a cargo del Maestro Antonio Durante Murillo, llev\u00f3 a cabo el \ud835\udc04\ud835\udc27\ud835\udc1c\ud835\udc2e\ud835\udc1e\ud835\udc27\ud835\udc2d\ud835\udc2b\ud835\udc28 \ud835\udc1e\ud835\udc27\ud835\udc2d\ud835\udc2b\ud835\udc1e \ud835\udc1d\ud835\udc22\ud835\udc2b\ud835\udc1e\ud835\udc1c\ud835\udc2d\ud835\udc22\ud835\udc2f\ud835\udc28\ud835\udc2c \ud835\udc1d\ud835\udc1e \ud835\udc1a\ud835\udc26\ud835\udc1b\ud835\udc1a\ud835\udc2c \ud835\udc08\ud835\udc27\ud835\udc2c\ud835\udc2d\ud835\udc22\ud835\udc2d\ud835\udc2e\ud835\udc1c\ud835\udc22\ud835\udc28\ud835\udc27\ud835\udc1e\ud835\udc2c \ud835\udc1d\ud835\udc1e \ud835\udc04\ud835\udc26\ud835\udc1b\ud835\udc1a\ud835\udc23\ud835\udc1a\ud835\udc1d\ud835\udc28\ud835\udc2b\ud835\udc1e\ud835\udc2c \ud835\udc14\ud835\udc00\ud835\udc13\ud835\udc31 \ud835\udc2a\ud835\udc2e\ud835\udc1e \ud835\udc29\ud835\udc1a\ud835\udc2b\ud835\udc2d\ud835\udc22\ud835\udc1c\ud835\udc22\ud835\udc29\ud835\udc1a\ud835\udc2b\ud835\udc1a\u0301\ud835\udc27 \ud835\udc1e\ud835\udc27 \ud835\udc1e\ud835\udc2c\ud835\udc2d\ud835\udc1a\ud835\udc27\ud835\udc1c\ud835\udc22\ud835\udc1a\ud835\udc2c \ud835\udc1c\ud835\udc28\ud835\udc2b\ud835\udc2d\ud835\udc1a\ud835\udc2c \ud835\udc1e\ud835\udc27 \ud835\udc25\ud835\udc1a \ud835\udc14\ud835\udc02\ud835\udc12\ud835\udc0c, con la presencia del Doctor Benjam\u00edn Carrasco, quien previamente recorri\u00f3 varios campi de la UATx.<\/p>\n\n\n\n<p>En el Auditorio Anexo a Rector\u00eda, madres, padres y tutores de 21 estudiantes y directores de las facultades de Ciencias Econ\u00f3mico Administrativas, Ciencias B\u00e1sicas, Ingenier\u00eda y Tecnolog\u00eda; Derecho, Ciencias Pol\u00edticas y Criminolog\u00eda, y Trabajo Social, Sociolog\u00eda y Psicolog\u00eda, que realizar\u00e1n estancias cortas en septiembre, conocieron detalles precisos sobre el traslado, la estancia en el pa\u00eds andino y el regreso a la m\u00e1xima Casa de Estudios de Tlaxcala.<\/p>\n\n\n\n<p>Tambi\u00e9n estuvieron presentes los ocho docentes que acompa\u00f1ar\u00e1n a los estudiantes, reforzando el compromiso acad\u00e9mico y formativo que impulsa esta experiencia internacional de interculturalidad.<\/p>\n","protected":false},"excerpt":{"rendered":"<p>\u00fc La delegaci\u00f3n de Arequipa constata la intensa actividad acad\u00e9mica en docencia e investigaci\u00f3n La Universidad Aut\u00f3noma de Tlaxcala (UATx) y la Universidad Cat\u00f3lica de Santa Mar\u00eda (UCSM) de Arequipa, Per\u00fa, consolidan una alianza estrat\u00e9gica que fortalece la formaci\u00f3n acad\u00e9mica de sus comunidades con programas de movilidad y colaboraci\u00f3n rec\u00edproca para impulsar la educaci\u00f3n superior [&hellip;]<\/p>\n","protected":false},"author":9,"featured_media":97133,"comment_status":"open","ping_status":"open","sticky":false,"template":"","format":"standard","meta":{"om_disable_all_campaigns":false,"_monsterinsights_skip_tracking":false,"_monsterinsights_sitenote_active":false,"_monsterinsights_sitenote_note":"","_monsterinsights_sitenote_category":0,"jnews-multi-image_gallery":[],"jnews_single_post":{"format":"standard"},"jnews_primary_category":[],"footnotes":""},"categories":[1],"tags":[],"class_list":["post-97132","post","type-post","status-publish","format-standard","has-post-thumbnail","hentry","category-uncategorized"],"aioseo_notices":[],"_links":{"self":[{"href":"https:\/\/estado29.mx\/index.php?rest_route=\/wp\/v2\/posts\/97132","targetHints":{"allow":["GET"]}}],"collection":[{"href":"https:\/\/estado29.mx\/index.php?rest_route=\/wp\/v2\/posts"}],"about":[{"href":"https:\/\/estado29.mx\/index.php?rest_route=\/wp\/v2\/types\/post"}],"author":[{"embeddable":true,"href":"https:\/\/estado29.mx\/index.php?rest_route=\/wp\/v2\/users\/9"}],"replies":[{"embeddable":true,"href":"https:\/\/estado29.mx\/index.php?rest_route=%2Fwp%2Fv2%2Fcomments&post=97132"}],"version-history":[{"count":1,"href":"https:\/\/estado29.mx\/index.php?rest_route=\/wp\/v2\/posts\/97132\/revisions"}],"predecessor-version":[{"id":97134,"href":"https:\/\/estado29.mx\/index.php?rest_route=\/wp\/v2\/posts\/97132\/revisions\/97134"}],"wp:featuredmedia":[{"embeddable":true,"href":"https:\/\/estado29.mx\/index.php?rest_route=\/wp\/v2\/media\/97133"}],"wp:attachment":[{"href":"https:\/\/estado29.mx\/index.php?rest_route=%2Fwp%2Fv2%2Fmedia&parent=97132"}],"wp:term":[{"taxonomy":"category","embeddable":true,"href":"https:\/\/estado29.mx\/index.php?rest_route=%2Fwp%2Fv2%2Fcategories&post=97132"},{"taxonomy":"post_tag","embeddable":true,"href":"https:\/\/estado29.mx\/index.php?rest_route=%2Fwp%2Fv2%2Ftags&post=97132"}],"curies":[{"name":"wp","href":"https:\/\/api.w.org\/{rel}","templated":true}]}}