{"id":97144,"date":"2025-07-04T13:17:11","date_gmt":"2025-07-04T13:17:11","guid":{"rendered":"https:\/\/estado29.mx\/?p=97144"},"modified":"2025-07-04T13:17:12","modified_gmt":"2025-07-04T13:17:12","slug":"tlaxcala-y-colombia-fortalecen-lazos-educativos-a-traves-del-intercambio-internacional-stem","status":"publish","type":"post","link":"https:\/\/estado29.mx\/?p=97144","title":{"rendered":"Tlaxcala y Colombia fortalecen lazos educativos a trav\u00e9s del intercambio internacional STEM"},"content":{"rendered":"\n<p><\/p>\n\n\n\n<p>Esta iniciativa permiti\u00f3 consolidar un intercambio acad\u00e9mico, cultural y comunitario entre j\u00f3venes de M\u00e9xico y Colombia<\/p>\n\n\n\n<p>Estudiantes del Centro de Educaci\u00f3n Media Superior a Distancia (Emsad) 23, del municipio de Emiliano Zapata, Tlaxcala, participaron en la \u201cExperiencia Educativa STEM\u201d realizada en Santiago de Cali, Colombia, como parte del IV Encuentro de la Red STEM Latinoam\u00e9rica.<\/p>\n\n\n\n<p>Esta iniciativa permiti\u00f3 consolidar un intercambio acad\u00e9mico, cultural y comunitario entre j\u00f3venes de M\u00e9xico y Colombia.<\/p>\n\n\n\n<p>El equipo \u201cNopacoch\u201d, conformado por Montserrat Moreno Ortega, Elisa Huerta Rodr\u00edguez, Berenice Carmona Gonz\u00e1lez y Josu\u00e9 Manuel L\u00f3pez L\u00f3pez, acompa\u00f1ados por la docente Sandra Linares P\u00e9rez, comparti\u00f3 aprendizajes en instituciones rurales colombianas como \u201cLa Libertad\u201d y el \u201cLab Center de Valle LABS\u201d, dialogando con j\u00f3venes que desarrollan soluciones cient\u00edficas en sus comunidades.<\/p>\n\n\n\n<p>Este encuentro internacional, resultado del triunfo en las Olimpiadas STEM Mahuiltia Tlaxcala 2024, expuso el proyecto de grana cochinilla que los estudiantes desarrollaron, se trata de una propuesta ecol\u00f3gica para crear tintes naturales de alta calidad con base en el nopal, como l\u00e1pices labiales, en armon\u00eda con el medio ambiente.<\/p>\n\n\n\n<p>A del intercambio de experiencias, ambas delegaciones compartieron ideas enfocadas en el desarrollo sostenible, la innovaci\u00f3n y la inclusi\u00f3n, en un ambiente de colaboraci\u00f3n que dej\u00f3 huella en sus trayectorias personales y acad\u00e9micas.<\/p>\n\n\n\n<p>La delegaci\u00f3n mexicana fue recibida por la gobernadora del Valle del Cauca, Dilian Francisca Toro, quien reconoci\u00f3 el valor de la educaci\u00f3n como herramienta transformadora entre pueblos.<\/p>\n\n\n\n<p>Los j\u00f3venes tlaxcaltecas se\u00f1alaron que la experiencia les permitir\u00e1 mejorar sus proyectos y generar nuevas propuestas que respondan a las necesidades de su comunidad, fortaleciendo la vocaci\u00f3n cient\u00edfica con conciencia social y ambiental.<\/p>\n\n\n\n<p>Con esta participaci\u00f3n internacional, Tlaxcala reafirma su apuesta por la educaci\u00f3n como motor de desarrollo, y posiciona a sus estudiantes como agentes de cambio que promueven el conocimiento con identidad local y visi\u00f3n internacional.<\/p>\n","protected":false},"excerpt":{"rendered":"<p>Esta iniciativa permiti\u00f3 consolidar un intercambio acad\u00e9mico, cultural y comunitario entre j\u00f3venes de M\u00e9xico y Colombia Estudiantes del Centro de Educaci\u00f3n Media Superior a Distancia (Emsad) 23, del municipio de Emiliano Zapata, Tlaxcala, participaron en la \u201cExperiencia Educativa STEM\u201d realizada en Santiago de Cali, Colombia, como parte del IV Encuentro de la Red STEM Latinoam\u00e9rica. [&hellip;]<\/p>\n","protected":false},"author":4,"featured_media":97145,"comment_status":"open","ping_status":"open","sticky":false,"template":"","format":"standard","meta":{"om_disable_all_campaigns":false,"_monsterinsights_skip_tracking":false,"_monsterinsights_sitenote_active":false,"_monsterinsights_sitenote_note":"","_monsterinsights_sitenote_category":0,"jnews-multi-image_gallery":[],"jnews_single_post":{"format":"standard"},"jnews_primary_category":[],"footnotes":""},"categories":[1],"tags":[],"class_list":["post-97144","post","type-post","status-publish","format-standard","has-post-thumbnail","hentry","category-uncategorized"],"aioseo_notices":[],"_links":{"self":[{"href":"https:\/\/estado29.mx\/index.php?rest_route=\/wp\/v2\/posts\/97144","targetHints":{"allow":["GET"]}}],"collection":[{"href":"https:\/\/estado29.mx\/index.php?rest_route=\/wp\/v2\/posts"}],"about":[{"href":"https:\/\/estado29.mx\/index.php?rest_route=\/wp\/v2\/types\/post"}],"author":[{"embeddable":true,"href":"https:\/\/estado29.mx\/index.php?rest_route=\/wp\/v2\/users\/4"}],"replies":[{"embeddable":true,"href":"https:\/\/estado29.mx\/index.php?rest_route=%2Fwp%2Fv2%2Fcomments&post=97144"}],"version-history":[{"count":1,"href":"https:\/\/estado29.mx\/index.php?rest_route=\/wp\/v2\/posts\/97144\/revisions"}],"predecessor-version":[{"id":97146,"href":"https:\/\/estado29.mx\/index.php?rest_route=\/wp\/v2\/posts\/97144\/revisions\/97146"}],"wp:featuredmedia":[{"embeddable":true,"href":"https:\/\/estado29.mx\/index.php?rest_route=\/wp\/v2\/media\/97145"}],"wp:attachment":[{"href":"https:\/\/estado29.mx\/index.php?rest_route=%2Fwp%2Fv2%2Fmedia&parent=97144"}],"wp:term":[{"taxonomy":"category","embeddable":true,"href":"https:\/\/estado29.mx\/index.php?rest_route=%2Fwp%2Fv2%2Fcategories&post=97144"},{"taxonomy":"post_tag","embeddable":true,"href":"https:\/\/estado29.mx\/index.php?rest_route=%2Fwp%2Fv2%2Ftags&post=97144"}],"curies":[{"name":"wp","href":"https:\/\/api.w.org\/{rel}","templated":true}]}}