{"id":97147,"date":"2025-07-04T13:18:21","date_gmt":"2025-07-04T13:18:21","guid":{"rendered":"https:\/\/estado29.mx\/?p=97147"},"modified":"2025-07-04T13:18:22","modified_gmt":"2025-07-04T13:18:22","slug":"tlaxcala-se-integra-al-plan-lazaro-cardenas-del-rio-para-combatir-contaminacion-en-la-cuenca-del-rio-balsas","status":"publish","type":"post","link":"https:\/\/estado29.mx\/?p=97147","title":{"rendered":"Tlaxcala se integra al plan \u201cl\u00e1zaro c\u00e1rdenas del r\u00edo\u201d para combatir contaminaci\u00f3n en la cuenca del r\u00edo balsas"},"content":{"rendered":"\n<p><\/p>\n\n\n\n<p>El Gobierno del Estado reafirm\u00f3 su compromiso con la iniciativa federal para compartir datos sobre residuos de manejo especial y sus generadores, a fin de mejorar la trazabilidad y control de los desechos<\/p>\n\n\n\n<p>El Gobierno del Estado confirm\u00f3 su adhesi\u00f3n al Plan \u201cL\u00e1zaro C\u00e1rdenas del R\u00edo\u201d, impulsado por la presidenta de M\u00e9xico, Claudia Sheinbaum Pardo, con el objetivo de fortalecer el manejo integral de residuos s\u00f3lidos en la cuenca del r\u00edo Balsas.<\/p>\n\n\n\n<p>La Secretar\u00eda del Medio Ambiente de Tlaxcala (SMA) particip\u00f3 en la reuni\u00f3n de trabajo convocada por el gobierno federal, donde se presentaron las directrices de este plan nacional.<\/p>\n\n\n\n<p>En representaci\u00f3n de la gobernadora Lorena Cu\u00e9llar Cisneros, el titular de la SMA, Pedro Aquino Alvarado, reafirm\u00f3 el compromiso del gobierno estatal con la iniciativa federal y se\u00f1al\u00f3 que se fortalecer\u00e1 la coordinaci\u00f3n con la Secretar\u00eda de Medio Ambiente y Recursos Naturales (SEMARNAT) para compartir datos sobre residuos de manejo especial y sus generadores, a fin de mejorar la trazabilidad y control de los desechos.<\/p>\n\n\n\n<p>Durante el encuentro, el titular de la Oficina de Presidencia, L\u00e1zaro C\u00e1rdenas Batel, se\u00f1al\u00f3 que se busca sumar esfuerzos institucionales para dar soluci\u00f3n integral al fen\u00f3meno ambiental que afecta a esta importante regi\u00f3n hidrogr\u00e1fica del pa\u00eds.<\/p>\n\n\n\n<p>En tanto, representantes de la SEMARNAT presentaron el diagn\u00f3stico actual del manejo de residuos en los estados involucrados y reconocieron al Gobierno del Estado de Tlaxcala por sus avances y compromiso, especialmente en la atenci\u00f3n a observaciones realizadas por la Procuradur\u00eda Federal de Protecci\u00f3n al Ambiente (PROFEPA) en torno a los rellenos sanitarios, as\u00ed como por su colaboraci\u00f3n en la elaboraci\u00f3n del diagn\u00f3stico b\u00e1sico de residuos.<\/p>\n\n\n\n<p>A la reuni\u00f3n asistieron tambi\u00e9n representantes de los estados de Puebla, Morelos, Michoac\u00e1n y Estado de M\u00e9xico, as\u00ed como autoridades federales de la Secretar\u00eda de Infraestructura, Comunicaciones y Transportes (SICT) y funcionarios del sector ambiental de los estados que integran esta cuenca interestatal.<\/p>\n","protected":false},"excerpt":{"rendered":"<p>El Gobierno del Estado reafirm\u00f3 su compromiso con la iniciativa federal para compartir datos sobre residuos de manejo especial y sus generadores, a fin de mejorar la trazabilidad y control de los desechos El Gobierno del Estado confirm\u00f3 su adhesi\u00f3n al Plan \u201cL\u00e1zaro C\u00e1rdenas del R\u00edo\u201d, impulsado por la presidenta de M\u00e9xico, Claudia Sheinbaum Pardo, [&hellip;]<\/p>\n","protected":false},"author":4,"featured_media":97148,"comment_status":"open","ping_status":"open","sticky":false,"template":"","format":"standard","meta":{"om_disable_all_campaigns":false,"_monsterinsights_skip_tracking":false,"_monsterinsights_sitenote_active":false,"_monsterinsights_sitenote_note":"","_monsterinsights_sitenote_category":0,"jnews-multi-image_gallery":[],"jnews_single_post":{"format":"standard"},"jnews_primary_category":[],"footnotes":""},"categories":[1],"tags":[],"class_list":["post-97147","post","type-post","status-publish","format-standard","has-post-thumbnail","hentry","category-uncategorized"],"aioseo_notices":[],"_links":{"self":[{"href":"https:\/\/estado29.mx\/index.php?rest_route=\/wp\/v2\/posts\/97147","targetHints":{"allow":["GET"]}}],"collection":[{"href":"https:\/\/estado29.mx\/index.php?rest_route=\/wp\/v2\/posts"}],"about":[{"href":"https:\/\/estado29.mx\/index.php?rest_route=\/wp\/v2\/types\/post"}],"author":[{"embeddable":true,"href":"https:\/\/estado29.mx\/index.php?rest_route=\/wp\/v2\/users\/4"}],"replies":[{"embeddable":true,"href":"https:\/\/estado29.mx\/index.php?rest_route=%2Fwp%2Fv2%2Fcomments&post=97147"}],"version-history":[{"count":1,"href":"https:\/\/estado29.mx\/index.php?rest_route=\/wp\/v2\/posts\/97147\/revisions"}],"predecessor-version":[{"id":97149,"href":"https:\/\/estado29.mx\/index.php?rest_route=\/wp\/v2\/posts\/97147\/revisions\/97149"}],"wp:featuredmedia":[{"embeddable":true,"href":"https:\/\/estado29.mx\/index.php?rest_route=\/wp\/v2\/media\/97148"}],"wp:attachment":[{"href":"https:\/\/estado29.mx\/index.php?rest_route=%2Fwp%2Fv2%2Fmedia&parent=97147"}],"wp:term":[{"taxonomy":"category","embeddable":true,"href":"https:\/\/estado29.mx\/index.php?rest_route=%2Fwp%2Fv2%2Fcategories&post=97147"},{"taxonomy":"post_tag","embeddable":true,"href":"https:\/\/estado29.mx\/index.php?rest_route=%2Fwp%2Fv2%2Ftags&post=97147"}],"curies":[{"name":"wp","href":"https:\/\/api.w.org\/{rel}","templated":true}]}}