{"id":97153,"date":"2025-07-04T13:38:12","date_gmt":"2025-07-04T13:38:12","guid":{"rendered":"https:\/\/estado29.mx\/?p=97153"},"modified":"2025-07-04T13:38:13","modified_gmt":"2025-07-04T13:38:13","slug":"tlaxcala-se-suma-a-los-trabajos-de-la-agenda-nacional-de-derechos-humanos","status":"publish","type":"post","link":"https:\/\/estado29.mx\/?p=97153","title":{"rendered":"Tlaxcala se suma a los trabajos de la agenda nacional de derechos humanos"},"content":{"rendered":"\n<p><\/p>\n\n\n\n<p>El Gobierno del Estado de Tlaxcala, a trav\u00e9s del secretario de Gobierno, Luis Antonio Ram\u00edrez Hern\u00e1ndez, se sum\u00f3 a los trabajos para avanzar en la construcci\u00f3n de la nueva Agenda Nacional de Derechos Humanos 2025-2030, durante una reuni\u00f3n convocada por la secretaria de Gobernaci\u00f3n, Rosa Icela Rodr\u00edguez, en la que participaron hom\u00f3logos de todas las entidades del pa\u00eds.<\/p>\n\n\n\n<p>El secretario Ram\u00edrez Hern\u00e1ndez reiter\u00f3 el compromiso de la administraci\u00f3n estatal que encabeza la gobernadora Lorena Cu\u00e9llar Cisneros, con la defensa, promoci\u00f3n y garant\u00eda de los derechos humanos como eje transversal de la pol\u00edtica p\u00fablica estatal.<\/p>\n\n\n\n<p>Este espacio de coordinaci\u00f3n y colaboraci\u00f3n entre el gobierno federal y los estados tiene como objetivo promover y garantizar el respeto a los derechos humanos, fortaleciendo las estrategias en temas como la libertad de expresi\u00f3n, reuni\u00f3n y movilizaci\u00f3n; la b\u00fasqueda de personas; la prevenci\u00f3n y erradicaci\u00f3n de la discriminaci\u00f3n; as\u00ed como la atenci\u00f3n a grupos en situaci\u00f3n de vulnerabilidad.<\/p>\n\n\n\n<p>Durante las mesas de trabajo, el encargado de la pol\u00edtica interior en Tlaxcala expuso los avances y retos que enfrenta la entidad en tres ejes prioritarios: b\u00fasqueda de personas desaparecidas con enfoque de derechos humanos, protecci\u00f3n a personas defensoras y periodistas, as\u00ed como el fortalecimiento institucional de la agenda estatal en la materia.<\/p>\n\n\n\n<p>Destac\u00f3 que la Comisi\u00f3n Estatal de B\u00fasqueda opera de manera permanente con personal certificado y herramientas innovadoras como las pulseras con c\u00f3digo QR, adem\u00e1s de la capacitaci\u00f3n constante a C\u00e9lulas Municipales de B\u00fasqueda.<\/p>\n\n\n\n<p>En cuanto a la libertad de expresi\u00f3n, inform\u00f3 que se han realizado 34 capacitaciones municipales y que se brindan medidas de protecci\u00f3n con atenci\u00f3n directa y especializada a periodistas y defensores.<\/p>\n\n\n\n<p>Asimismo, subray\u00f3 que en esta administraci\u00f3n se ha avanzado en la atenci\u00f3n a recomendaciones hist\u00f3ricamente rezagadas y en consolidar una pol\u00edtica p\u00fablica integral a trav\u00e9s de la participaci\u00f3n en diversos sistemas estatales.<\/p>\n\n\n\n<p>Adem\u00e1s, el secretario Luis Antonio Ram\u00edrez Hern\u00e1ndez, coincidi\u00f3 con el llamado del Gobierno Federal de trabajar juntos en favor de las familias m\u00e1s all\u00e1 de colores y diferencias ideol\u00f3gicas.&nbsp;<\/p>\n\n\n\n<p>En la sesi\u00f3n tambi\u00e9n estuvo presente el subsecretario de Derechos Humanos, Poblaci\u00f3n y Migraci\u00f3n de la Secretar\u00eda de Gobernaci\u00f3n, Arturo Medina Padilla.<\/p>\n\n\n\n<p>Con esta participaci\u00f3n, se ratifica la disposici\u00f3n de Tlaxcala para contribuir de manera activa en la nueva Agenda Nacional de Derechos Humanos, con la visi\u00f3n de que se convierta en una herramienta funcional y replicable.<\/p>\n","protected":false},"excerpt":{"rendered":"<p>El Gobierno del Estado de Tlaxcala, a trav\u00e9s del secretario de Gobierno, Luis Antonio Ram\u00edrez Hern\u00e1ndez, se sum\u00f3 a los trabajos para avanzar en la construcci\u00f3n de la nueva Agenda Nacional de Derechos Humanos 2025-2030, durante una reuni\u00f3n convocada por la secretaria de Gobernaci\u00f3n, Rosa Icela Rodr\u00edguez, en la que participaron hom\u00f3logos de todas las [&hellip;]<\/p>\n","protected":false},"author":4,"featured_media":97154,"comment_status":"open","ping_status":"open","sticky":false,"template":"","format":"standard","meta":{"om_disable_all_campaigns":false,"_monsterinsights_skip_tracking":false,"_monsterinsights_sitenote_active":false,"_monsterinsights_sitenote_note":"","_monsterinsights_sitenote_category":0,"jnews-multi-image_gallery":[],"jnews_single_post":{"format":"standard"},"jnews_primary_category":[],"footnotes":""},"categories":[1],"tags":[],"class_list":["post-97153","post","type-post","status-publish","format-standard","has-post-thumbnail","hentry","category-uncategorized"],"aioseo_notices":[],"_links":{"self":[{"href":"https:\/\/estado29.mx\/index.php?rest_route=\/wp\/v2\/posts\/97153","targetHints":{"allow":["GET"]}}],"collection":[{"href":"https:\/\/estado29.mx\/index.php?rest_route=\/wp\/v2\/posts"}],"about":[{"href":"https:\/\/estado29.mx\/index.php?rest_route=\/wp\/v2\/types\/post"}],"author":[{"embeddable":true,"href":"https:\/\/estado29.mx\/index.php?rest_route=\/wp\/v2\/users\/4"}],"replies":[{"embeddable":true,"href":"https:\/\/estado29.mx\/index.php?rest_route=%2Fwp%2Fv2%2Fcomments&post=97153"}],"version-history":[{"count":1,"href":"https:\/\/estado29.mx\/index.php?rest_route=\/wp\/v2\/posts\/97153\/revisions"}],"predecessor-version":[{"id":97155,"href":"https:\/\/estado29.mx\/index.php?rest_route=\/wp\/v2\/posts\/97153\/revisions\/97155"}],"wp:featuredmedia":[{"embeddable":true,"href":"https:\/\/estado29.mx\/index.php?rest_route=\/wp\/v2\/media\/97154"}],"wp:attachment":[{"href":"https:\/\/estado29.mx\/index.php?rest_route=%2Fwp%2Fv2%2Fmedia&parent=97153"}],"wp:term":[{"taxonomy":"category","embeddable":true,"href":"https:\/\/estado29.mx\/index.php?rest_route=%2Fwp%2Fv2%2Fcategories&post=97153"},{"taxonomy":"post_tag","embeddable":true,"href":"https:\/\/estado29.mx\/index.php?rest_route=%2Fwp%2Fv2%2Ftags&post=97153"}],"curies":[{"name":"wp","href":"https:\/\/api.w.org\/{rel}","templated":true}]}}