{"id":97168,"date":"2025-07-05T00:33:01","date_gmt":"2025-07-05T00:33:01","guid":{"rendered":"https:\/\/estado29.mx\/?p=97168"},"modified":"2025-07-05T00:33:01","modified_gmt":"2025-07-05T00:33:01","slug":"policia-municipal-y-paramedicos-atienden-llamado-de-auxilio-sobre-persona-desvanecida-en-ocotlan","status":"publish","type":"post","link":"https:\/\/estado29.mx\/?p=97168","title":{"rendered":"POLIC\u00cdA MUNICIPAL Y PARAM\u00c9DICOS ATIENDEN LLAMADO DE AUXILIO SOBRE PERSONA DESVANECIDA EN OCOTL\u00c1N"},"content":{"rendered":"<figure class=\"wp-block-post-featured-image\"><img loading=\"lazy\" decoding=\"async\" width=\"1349\" height=\"899\" src=\"https:\/\/estado29.mx\/wp-content\/uploads\/2025\/07\/WhatsApp-Image-2025-07-03-at-7.27.05-PM.jpeg\" class=\"attachment-post-thumbnail size-post-thumbnail wp-post-image\" alt=\"\" style=\"object-fit:cover;\" srcset=\"https:\/\/estado29.mx\/wp-content\/uploads\/2025\/07\/WhatsApp-Image-2025-07-03-at-7.27.05-PM.jpeg 1349w, https:\/\/estado29.mx\/wp-content\/uploads\/2025\/07\/WhatsApp-Image-2025-07-03-at-7.27.05-PM-300x200.jpeg 300w, https:\/\/estado29.mx\/wp-content\/uploads\/2025\/07\/WhatsApp-Image-2025-07-03-at-7.27.05-PM-1024x682.jpeg 1024w, https:\/\/estado29.mx\/wp-content\/uploads\/2025\/07\/WhatsApp-Image-2025-07-03-at-7.27.05-PM-768x512.jpeg 768w, https:\/\/estado29.mx\/wp-content\/uploads\/2025\/07\/WhatsApp-Image-2025-07-03-at-7.27.05-PM-750x500.jpeg 750w, https:\/\/estado29.mx\/wp-content\/uploads\/2025\/07\/WhatsApp-Image-2025-07-03-at-7.27.05-PM-1140x760.jpeg 1140w\" sizes=\"auto, (max-width: 1349px) 100vw, 1349px\" \/><\/figure>\n\n\n<p>Elementos de la Polic\u00eda Municipal de Tlaxcala atendieron un llamado de emergencia sobre una persona inconsciente en el Fraccionamiento Vista Hermosa, ubicado en la comunidad de Ocotl\u00e1n.<\/p>\n\n\n\n<p>Al llegar al domicilio, los elementos policiales localizaron a un hombre de alrededor de 60 a\u00f1os de edad que yac\u00eda en el piso de la vivienda, por lo que, de inmediato, solicitaron el apoyo de los servicios de emergencia.<\/p>\n\n\n\n<p>A su llegada, los param\u00e9dicos realizaron la valoraci\u00f3n correspondiente y confirmaron que el masculino ya no presentaba signos vitales.<\/p>\n\n\n\n<p>Ante ello, los efectivos acordonaron la zona e iniciaron el protocolo correspondiente para solicitar la intervenci\u00f3n de la Fiscal\u00eda General de Justicia del Estado a trav\u00e9s del Servicio M\u00e9dico Forense (SEMEFO), a fin de que se proceda al levantamiento del cuerpo y se determine la causa real del fallecimiento.<\/p>\n\n\n\n<p>De acuerdo con los testimonios de las personas que viv\u00edan con el hoy occiso, el hombre padec\u00eda diversas afecciones cr\u00f3nicas, sin embargo, ser\u00e1n las \u00e1reas correspondientes quienes determinen las causas del fallecimiento.<\/p>\n\n\n\n<p>De esta manera, la polic\u00eda municipal se mantiene atenta a cualquier situaci\u00f3n de emergencia, por lo que recuerda a la poblaci\u00f3n que est\u00e1 disponible el n\u00famero de emergencia 911.<\/p>\n","protected":false},"excerpt":{"rendered":"<p>Elementos de la Polic\u00eda Municipal de Tlaxcala atendieron un llamado de emergencia sobre una persona inconsciente en el Fraccionamiento Vista Hermosa, ubicado en la comunidad de Ocotl\u00e1n. Al llegar al domicilio, los elementos policiales localizaron a un hombre de alrededor de 60 a\u00f1os de edad que yac\u00eda en el piso de la vivienda, por lo [&hellip;]<\/p>\n","protected":false},"author":4,"featured_media":97169,"comment_status":"open","ping_status":"open","sticky":false,"template":"","format":"standard","meta":{"om_disable_all_campaigns":false,"_monsterinsights_skip_tracking":false,"_monsterinsights_sitenote_active":false,"_monsterinsights_sitenote_note":"","_monsterinsights_sitenote_category":0,"jnews-multi-image_gallery":[],"jnews_single_post":{"format":"standard"},"jnews_primary_category":[],"footnotes":""},"categories":[1],"tags":[],"class_list":["post-97168","post","type-post","status-publish","format-standard","has-post-thumbnail","hentry","category-uncategorized"],"aioseo_notices":[],"_links":{"self":[{"href":"https:\/\/estado29.mx\/index.php?rest_route=\/wp\/v2\/posts\/97168","targetHints":{"allow":["GET"]}}],"collection":[{"href":"https:\/\/estado29.mx\/index.php?rest_route=\/wp\/v2\/posts"}],"about":[{"href":"https:\/\/estado29.mx\/index.php?rest_route=\/wp\/v2\/types\/post"}],"author":[{"embeddable":true,"href":"https:\/\/estado29.mx\/index.php?rest_route=\/wp\/v2\/users\/4"}],"replies":[{"embeddable":true,"href":"https:\/\/estado29.mx\/index.php?rest_route=%2Fwp%2Fv2%2Fcomments&post=97168"}],"version-history":[{"count":1,"href":"https:\/\/estado29.mx\/index.php?rest_route=\/wp\/v2\/posts\/97168\/revisions"}],"predecessor-version":[{"id":97170,"href":"https:\/\/estado29.mx\/index.php?rest_route=\/wp\/v2\/posts\/97168\/revisions\/97170"}],"wp:featuredmedia":[{"embeddable":true,"href":"https:\/\/estado29.mx\/index.php?rest_route=\/wp\/v2\/media\/97169"}],"wp:attachment":[{"href":"https:\/\/estado29.mx\/index.php?rest_route=%2Fwp%2Fv2%2Fmedia&parent=97168"}],"wp:term":[{"taxonomy":"category","embeddable":true,"href":"https:\/\/estado29.mx\/index.php?rest_route=%2Fwp%2Fv2%2Fcategories&post=97168"},{"taxonomy":"post_tag","embeddable":true,"href":"https:\/\/estado29.mx\/index.php?rest_route=%2Fwp%2Fv2%2Ftags&post=97168"}],"curies":[{"name":"wp","href":"https:\/\/api.w.org\/{rel}","templated":true}]}}