{"id":97175,"date":"2025-07-05T06:02:01","date_gmt":"2025-07-05T06:02:01","guid":{"rendered":"https:\/\/estado29.mx\/?p=97175"},"modified":"2025-07-05T06:02:01","modified_gmt":"2025-07-05T06:02:01","slug":"m4t4n-a-joven-frente-a-la-presidencia-municipal-de-tequexquitla-tenia-un-balazo-en-la-cabeza","status":"publish","type":"post","link":"https:\/\/estado29.mx\/?p=97175","title":{"rendered":"M4t4n a joven frente a la presidencia municipal de Tequexquitla; ten\u00eda un balazo en la cabeza."},"content":{"rendered":"\n<p>Nuevamente la incompetencia de la presidenta municipal de Tequexquitla, Araceli Mart\u00ednez Cortez deja mucho que desear.<\/p>\n\n\n\n<p>Este viernes fue localizado sin vida un joven de aproximadamente 24 a\u00f1os de edad frente a la presidencia municipal de Tequexquitla, al interior de un veh\u00edculo color arena. La v\u00edctima presentaba un disp4r0 en la cabeza, del lado izquierdo.<\/p>\n\n\n\n<p>De acuerdo con los primeros reportes, fueron pobladores quienes solicitaron apoyo a param\u00e9dicos municipales al observar que dentro de un autom\u00f3vil se encontraba una persona aparentemente inconsciente. Al arribar al sitio, frente a la sede del Ayuntamiento, los servicios de emergencia confirmaron que el masculino ya no contaba con signos vitales.<\/p>\n\n\n\n<p>Durante la valoraci\u00f3n, se identific\u00f3 una herida compatible con proyectil de arma de fuego en la regi\u00f3n craneal. Por este motivo, se notific\u00f3 a las autoridades para dar inicio a las investigaciones correspondientes.<\/p>\n\n\n\n<p>Fuentes consultadas indicaron que el occiso respond\u00eda al nombre de Guadalupe N., de 24 a\u00f1os, originario de la comunidad de Temalacayucan, perteneciente al mismo municipio.<\/p>\n\n\n\n<p>El \u00e1rea fue acordonada por elementos de seguridad, en tanto personal del Instituto de Ciencias Forenses (INCIFO) realiz\u00f3 el levantamiento del cuerpo y el embalaje de los primeros indicios.<\/p>\n\n\n\n<p>La Fiscal\u00eda General de Justicia del Estado (FGJE) integr\u00f3 una carpeta de investigaci\u00f3n bajo el delito de homicidio doloso, a fin de esclarecer lo ocurrido y dar con el o los responsables del crimen.xquititl<\/p>\n","protected":false},"excerpt":{"rendered":"<p>Nuevamente la incompetencia de la presidenta municipal de Tequexquitla, Araceli Mart\u00ednez Cortez deja mucho que desear. Este viernes fue localizado sin vida un joven de aproximadamente 24 a\u00f1os de edad frente a la presidencia municipal de Tequexquitla, al interior de un veh\u00edculo color arena. La v\u00edctima presentaba un disp4r0 en la cabeza, del lado izquierdo. [&hellip;]<\/p>\n","protected":false},"author":5,"featured_media":97176,"comment_status":"open","ping_status":"open","sticky":false,"template":"","format":"standard","meta":{"om_disable_all_campaigns":false,"_monsterinsights_skip_tracking":false,"_monsterinsights_sitenote_active":false,"_monsterinsights_sitenote_note":"","_monsterinsights_sitenote_category":0,"jnews-multi-image_gallery":[],"jnews_single_post":{"format":"standard"},"jnews_primary_category":[],"footnotes":""},"categories":[1],"tags":[],"class_list":["post-97175","post","type-post","status-publish","format-standard","has-post-thumbnail","hentry","category-uncategorized"],"aioseo_notices":[],"_links":{"self":[{"href":"https:\/\/estado29.mx\/index.php?rest_route=\/wp\/v2\/posts\/97175","targetHints":{"allow":["GET"]}}],"collection":[{"href":"https:\/\/estado29.mx\/index.php?rest_route=\/wp\/v2\/posts"}],"about":[{"href":"https:\/\/estado29.mx\/index.php?rest_route=\/wp\/v2\/types\/post"}],"author":[{"embeddable":true,"href":"https:\/\/estado29.mx\/index.php?rest_route=\/wp\/v2\/users\/5"}],"replies":[{"embeddable":true,"href":"https:\/\/estado29.mx\/index.php?rest_route=%2Fwp%2Fv2%2Fcomments&post=97175"}],"version-history":[{"count":1,"href":"https:\/\/estado29.mx\/index.php?rest_route=\/wp\/v2\/posts\/97175\/revisions"}],"predecessor-version":[{"id":97177,"href":"https:\/\/estado29.mx\/index.php?rest_route=\/wp\/v2\/posts\/97175\/revisions\/97177"}],"wp:featuredmedia":[{"embeddable":true,"href":"https:\/\/estado29.mx\/index.php?rest_route=\/wp\/v2\/media\/97176"}],"wp:attachment":[{"href":"https:\/\/estado29.mx\/index.php?rest_route=%2Fwp%2Fv2%2Fmedia&parent=97175"}],"wp:term":[{"taxonomy":"category","embeddable":true,"href":"https:\/\/estado29.mx\/index.php?rest_route=%2Fwp%2Fv2%2Fcategories&post=97175"},{"taxonomy":"post_tag","embeddable":true,"href":"https:\/\/estado29.mx\/index.php?rest_route=%2Fwp%2Fv2%2Ftags&post=97175"}],"curies":[{"name":"wp","href":"https:\/\/api.w.org\/{rel}","templated":true}]}}