{"id":97198,"date":"2025-07-07T23:24:27","date_gmt":"2025-07-07T23:24:27","guid":{"rendered":"https:\/\/estado29.mx\/?p=97198"},"modified":"2025-07-07T23:24:28","modified_gmt":"2025-07-07T23:24:28","slug":"reconoce-el-presidente-alfonso-sanchez-garcia-la-labor-de-periodistas","status":"publish","type":"post","link":"https:\/\/estado29.mx\/?p=97198","title":{"rendered":"RECONOCE EL PRESIDENTE ALFONSO S\u00c1NCHEZ GARC\u00cdA LA LABOR DE PERIODISTAS"},"content":{"rendered":"<figure class=\"wp-block-post-featured-image\"><img loading=\"lazy\" decoding=\"async\" width=\"1280\" height=\"853\" src=\"https:\/\/estado29.mx\/wp-content\/uploads\/2025\/07\/WhatsApp-Image-2025-07-07-at-4.55.04-PM.jpeg\" class=\"attachment-post-thumbnail size-post-thumbnail wp-post-image\" alt=\"\" style=\"object-fit:cover;\" srcset=\"https:\/\/estado29.mx\/wp-content\/uploads\/2025\/07\/WhatsApp-Image-2025-07-07-at-4.55.04-PM.jpeg 1280w, https:\/\/estado29.mx\/wp-content\/uploads\/2025\/07\/WhatsApp-Image-2025-07-07-at-4.55.04-PM-300x200.jpeg 300w, https:\/\/estado29.mx\/wp-content\/uploads\/2025\/07\/WhatsApp-Image-2025-07-07-at-4.55.04-PM-1024x682.jpeg 1024w, https:\/\/estado29.mx\/wp-content\/uploads\/2025\/07\/WhatsApp-Image-2025-07-07-at-4.55.04-PM-768x512.jpeg 768w, https:\/\/estado29.mx\/wp-content\/uploads\/2025\/07\/WhatsApp-Image-2025-07-07-at-4.55.04-PM-750x500.jpeg 750w, https:\/\/estado29.mx\/wp-content\/uploads\/2025\/07\/WhatsApp-Image-2025-07-07-at-4.55.04-PM-1140x760.jpeg 1140w\" sizes=\"auto, (max-width: 1280px) 100vw, 1280px\" \/><\/figure>\n\n\n<p>En un gesto de cercan\u00eda y respeto, el presidente municipal de Tlaxcala, Alfonso S\u00e1nchez Garc\u00eda, sostuvo una reuni\u00f3n c\u00e1lida y directa con representantes de medios de comunicaci\u00f3n que dan cobertura a la capital, en el marco de la conmemoraci\u00f3n del D\u00eda del Periodista.<\/p>\n\n\n\n<p>Durante el encuentro, el alcalde reconoci\u00f3 la importante labor de quienes informan de manera cotidiana a la ciudadan\u00eda tlaxcalteca, aun frente a los desaf\u00edos que enfrentan.<\/p>\n\n\n\n<p>\u201cS\u00e9 que su trabajo no es f\u00e1cil, se les presentan muchas vicisitudes, pero cuentan con su servidor desde el Ayuntamiento. Muchas felicidades por el D\u00eda del Periodista\u201d, expres\u00f3.<\/p>\n\n\n\n<p>En este encuentro, el ambiente fue de di\u00e1logo abierto y cordialidad, en el que las y los periodistas asistentes aprovecharon la oportunidad para intercambiar puntos de vista y aclarar dudas sobre temas de inter\u00e9s p\u00fablico, en un ejercicio que fortaleci\u00f3 el v\u00ednculo entre el alcalde y los medios de comunicaci\u00f3n.<\/p>\n\n\n\n<p>Por su parte, el director de Comunicaci\u00f3n Social del Ayuntamiento de Tlaxcala, Marcos Herrera Rold\u00e1n, dio la bienvenida a las y los representantes de los medios, y reiter\u00f3 la disposici\u00f3n del \u00e1rea a su cargo para mantener una relaci\u00f3n cercana, respetuosa y profesional, que facilite el ejercicio del periodismo y fortalezca el derecho de la ciudadan\u00eda a estar informada.<\/p>\n","protected":false},"excerpt":{"rendered":"<p>En un gesto de cercan\u00eda y respeto, el presidente municipal de Tlaxcala, Alfonso S\u00e1nchez Garc\u00eda, sostuvo una reuni\u00f3n c\u00e1lida y directa con representantes de medios de comunicaci\u00f3n que dan cobertura a la capital, en el marco de la conmemoraci\u00f3n del D\u00eda del Periodista. Durante el encuentro, el alcalde reconoci\u00f3 la importante labor de quienes informan [&hellip;]<\/p>\n","protected":false},"author":4,"featured_media":97199,"comment_status":"open","ping_status":"open","sticky":false,"template":"","format":"standard","meta":{"om_disable_all_campaigns":false,"_monsterinsights_skip_tracking":false,"_monsterinsights_sitenote_active":false,"_monsterinsights_sitenote_note":"","_monsterinsights_sitenote_category":0,"jnews-multi-image_gallery":[],"jnews_single_post":{"format":"standard"},"jnews_primary_category":[],"footnotes":""},"categories":[1],"tags":[],"class_list":["post-97198","post","type-post","status-publish","format-standard","has-post-thumbnail","hentry","category-uncategorized"],"aioseo_notices":[],"_links":{"self":[{"href":"https:\/\/estado29.mx\/index.php?rest_route=\/wp\/v2\/posts\/97198","targetHints":{"allow":["GET"]}}],"collection":[{"href":"https:\/\/estado29.mx\/index.php?rest_route=\/wp\/v2\/posts"}],"about":[{"href":"https:\/\/estado29.mx\/index.php?rest_route=\/wp\/v2\/types\/post"}],"author":[{"embeddable":true,"href":"https:\/\/estado29.mx\/index.php?rest_route=\/wp\/v2\/users\/4"}],"replies":[{"embeddable":true,"href":"https:\/\/estado29.mx\/index.php?rest_route=%2Fwp%2Fv2%2Fcomments&post=97198"}],"version-history":[{"count":1,"href":"https:\/\/estado29.mx\/index.php?rest_route=\/wp\/v2\/posts\/97198\/revisions"}],"predecessor-version":[{"id":97200,"href":"https:\/\/estado29.mx\/index.php?rest_route=\/wp\/v2\/posts\/97198\/revisions\/97200"}],"wp:featuredmedia":[{"embeddable":true,"href":"https:\/\/estado29.mx\/index.php?rest_route=\/wp\/v2\/media\/97199"}],"wp:attachment":[{"href":"https:\/\/estado29.mx\/index.php?rest_route=%2Fwp%2Fv2%2Fmedia&parent=97198"}],"wp:term":[{"taxonomy":"category","embeddable":true,"href":"https:\/\/estado29.mx\/index.php?rest_route=%2Fwp%2Fv2%2Fcategories&post=97198"},{"taxonomy":"post_tag","embeddable":true,"href":"https:\/\/estado29.mx\/index.php?rest_route=%2Fwp%2Fv2%2Ftags&post=97198"}],"curies":[{"name":"wp","href":"https:\/\/api.w.org\/{rel}","templated":true}]}}