{"id":97201,"date":"2025-07-08T13:53:24","date_gmt":"2025-07-08T13:53:24","guid":{"rendered":"https:\/\/estado29.mx\/?p=97201"},"modified":"2025-07-08T13:53:24","modified_gmt":"2025-07-08T13:53:24","slug":"julio-cesar-chavez-jr-no-comparece-en-audiencia-en-los-angeles-abogado-dice-que-no-sabe-si-sigue-en-eu","status":"publish","type":"post","link":"https:\/\/estado29.mx\/?p=97201","title":{"rendered":"Julio C\u00e9sar Ch\u00e1vez Jr. no comparece en audiencia en Los \u00c1ngeles; abogado dice que no sabe si sigue en EU"},"content":{"rendered":"\n<p><\/p>\n\n\n\n<p>EL boxeador Julio C\u00e9sar Ch\u00e1vez Jr. no compareci\u00f3 este lunes a una audiencia que ten\u00eda programada en Los \u00c1ngeles, dijo abogado en declaraciones al diario USA Today. A\u00f1adi\u00f3 que ni sabe si su cliente sigue en Estados Unidos.<\/p>\n\n\n\n<p>Ch\u00e1vez Jr., detenido la semana pasada afuera de su casa por el Servicio de Inmigraci\u00f3n y Aduanas (ICE), por permanecer en Estados Unidos a <a><\/a>pesar de que su visa venci\u00f3, deb\u00eda comparecer este lunes ante el Tribunal Superior de Los \u00c1ngeles, divisi\u00f3n noroeste, para solicitar la libertad anticipada de un programa relacionado con una acusaci\u00f3n por posesi\u00f3n de armas de fuego (de enero de 2024), explic\u00f3 el medio estadounidense.<\/p>\n\n\n\n<p>Sin embargo, Michael Goldstein, abogado del boxeador, dijo que desconoc\u00eda el paradero de su cliente. Hace dos d\u00edas, explic\u00f3 al medio, se enter\u00f3 de que Ch\u00e1vez Jr. estaba en Hidalgo, Texas, bajo custodia del Departamento de Seguridad nacional (DHS). Cuando se le pregunt\u00f3 si Ch\u00e1vez Jr. sigue en Estados Unidos, Goldstein dijo: &#8220;No tenemos ni idea. No tenemos informaci\u00f3n. Desafortunadamente\u201d.<\/p>\n\n\n\n<p>El DHS explic\u00f3 que Ch\u00e1vez Jr. fue detenido con fines de expulsi\u00f3n expedita a M\u00e9xico, donde tiene una orden de aprehensi\u00f3n desde hace varios a\u00f1os por delincuencia organizada y tr\u00e1fico de armas.<\/p>\n\n\n\n<p>En el comunicado de su detenci\u00f3n en Studio City, el DHS se\u00f1al\u00f3 a Ch\u00e1vez Jr. de tener v\u00ednculos con el C\u00e1rtel de Sinaloa, al haberse casado con Frida Mu\u00f1oz, viuda de \u00c9dgar Guzm\u00e1n, uno de los hijos de Joaqu\u00edn Guzm\u00e1n Loera, \u201cEl Chapo\u201d, asesinado en Sinaloa.<\/p>\n\n\n\n<p>Seg\u00fan el fiscal Alejandro Gertz Manero, Estados Unidos sab\u00eda, al menos desde 2023, que Ch\u00e1vez Jr. ten\u00eda orden de aprehensi\u00f3n en M\u00e9xico. Los abogados de Ch\u00e1vez Jr. en M\u00e9xico han presentado cinco amparos para tratar de impedir que el boxeador, hijo de la leyenda Julio C\u00e9sar Ch\u00e1vez, pise la c\u00e1rcel una vez que las autoridades estadounidenses lo entreguen.<\/p>\n\n\n\n<p>El USA Today se\u00f1al\u00f3 que Ch\u00e1vez Jr. a\u00fan no aparece en el localizador de detenidos en l\u00ednea del ICE, aunque reconoci\u00f3 que pueden pasar d\u00edas o m\u00e1s de una semana para que un detenido aparezca en el registro, mientras espera a ser procesado.<\/p>\n\n\n\n<p>As\u00ed, Ch\u00e1vez Jr. podr\u00eda estar a\u00fan en poder del ICE, mientras se procesa su remoci\u00f3n de Estados Unidos. Se desconoce por qu\u00e9 no compareci\u00f3.<\/p>\n\n\n\n<p>El caso por el que deb\u00eda comparecer este lunes tiene que ver con su arresto, en enero de 2024, en Los \u00c1ngeles, por cargos de posesi\u00f3n de armas. El tribunal le concedi\u00f3 a Ch\u00e1vez Jr. lo que se conoce como \u201cdesviaci\u00f3n previa al juicio\u201d, que permite a las personas acusadas de un delito entrar en programas de rehabilitaci\u00f3n en lugar de enfrentarse dicho juicio. Goldstein dijo que Ch\u00e1vez Jr. hab\u00eda comenzado el programa hace cinco meses por iniciativa propia. Pero como Ch\u00e1vez no acudi\u00f3 al tribunal el lunes, la jueza supervisora adjunta Neetu S. Badhan-Smith fij\u00f3 una nueva vista para el 21 de agosto.<\/p>\n","protected":false},"excerpt":{"rendered":"<p>EL boxeador Julio C\u00e9sar Ch\u00e1vez Jr. no compareci\u00f3 este lunes a una audiencia que ten\u00eda programada en Los \u00c1ngeles, dijo abogado en declaraciones al diario USA Today. A\u00f1adi\u00f3 que ni sabe si su cliente sigue en Estados Unidos. Ch\u00e1vez Jr., detenido la semana pasada afuera de su casa por el Servicio de Inmigraci\u00f3n y Aduanas [&hellip;]<\/p>\n","protected":false},"author":4,"featured_media":97202,"comment_status":"open","ping_status":"open","sticky":false,"template":"","format":"standard","meta":{"om_disable_all_campaigns":false,"_monsterinsights_skip_tracking":false,"_monsterinsights_sitenote_active":false,"_monsterinsights_sitenote_note":"","_monsterinsights_sitenote_category":0,"jnews-multi-image_gallery":[],"jnews_single_post":{"format":"standard"},"jnews_primary_category":[],"footnotes":""},"categories":[1],"tags":[],"class_list":["post-97201","post","type-post","status-publish","format-standard","has-post-thumbnail","hentry","category-uncategorized"],"aioseo_notices":[],"_links":{"self":[{"href":"https:\/\/estado29.mx\/index.php?rest_route=\/wp\/v2\/posts\/97201","targetHints":{"allow":["GET"]}}],"collection":[{"href":"https:\/\/estado29.mx\/index.php?rest_route=\/wp\/v2\/posts"}],"about":[{"href":"https:\/\/estado29.mx\/index.php?rest_route=\/wp\/v2\/types\/post"}],"author":[{"embeddable":true,"href":"https:\/\/estado29.mx\/index.php?rest_route=\/wp\/v2\/users\/4"}],"replies":[{"embeddable":true,"href":"https:\/\/estado29.mx\/index.php?rest_route=%2Fwp%2Fv2%2Fcomments&post=97201"}],"version-history":[{"count":1,"href":"https:\/\/estado29.mx\/index.php?rest_route=\/wp\/v2\/posts\/97201\/revisions"}],"predecessor-version":[{"id":97203,"href":"https:\/\/estado29.mx\/index.php?rest_route=\/wp\/v2\/posts\/97201\/revisions\/97203"}],"wp:featuredmedia":[{"embeddable":true,"href":"https:\/\/estado29.mx\/index.php?rest_route=\/wp\/v2\/media\/97202"}],"wp:attachment":[{"href":"https:\/\/estado29.mx\/index.php?rest_route=%2Fwp%2Fv2%2Fmedia&parent=97201"}],"wp:term":[{"taxonomy":"category","embeddable":true,"href":"https:\/\/estado29.mx\/index.php?rest_route=%2Fwp%2Fv2%2Fcategories&post=97201"},{"taxonomy":"post_tag","embeddable":true,"href":"https:\/\/estado29.mx\/index.php?rest_route=%2Fwp%2Fv2%2Ftags&post=97201"}],"curies":[{"name":"wp","href":"https:\/\/api.w.org\/{rel}","templated":true}]}}