{"id":97210,"date":"2025-07-08T13:56:05","date_gmt":"2025-07-08T13:56:05","guid":{"rendered":"https:\/\/estado29.mx\/?p=97210"},"modified":"2025-07-08T13:56:05","modified_gmt":"2025-07-08T13:56:05","slug":"sedif-conmemora-el-dia-del-fisioterapeuta-con-foro-estatal-juntas-y-juntos-transformamos-vidas","status":"publish","type":"post","link":"https:\/\/estado29.mx\/?p=97210","title":{"rendered":"SEDIF conmemora el d\u00eda del fisioterapeuta con foro estatal: \u201cjuntas y juntos transformamos vidas\u201d"},"content":{"rendered":"\n<p>*Mariana Espinosa de los Monteros Cu\u00e9llar reconoci\u00f3 el papel esencial de las y los fisioterapeutas en la atenci\u00f3n integral de pacientes, no solo desde el aspecto cl\u00ednico, sino desde un enfoque social y humano<\/p>\n\n\n\n<p>En el marco del D\u00eda del Fisioterapeuta, el Sistema Estatal para el Desarrollo Integral de la Familia (SEDIF) celebr\u00f3 un foro dirigido a profesionales de la salud, docentes, <a><\/a>estudiantes, investigadores y autoridades del sector, con el prop\u00f3sito de fortalecer la fisioterapia como herramienta clave en la inclusi\u00f3n y rehabilitaci\u00f3n de personas con discapacidad.<\/p>\n\n\n\n<p>Durante el evento, la presidenta honor\u00edfica del SEDIF, Mariana Espinosa de los Monteros Cu\u00e9llar, reconoci\u00f3 el papel esencial de las y los fisioterapeutas en la atenci\u00f3n integral de pacientes, no solo desde el aspecto cl\u00ednico, sino desde un enfoque social y humano.<\/p>\n\n\n\n<p>\u201cSu labor no se limita al tratamiento f\u00edsico, sino que incide directamente en la prevenci\u00f3n de discapacidades, el acompa\u00f1amiento familiar y el trabajo interdisciplinario en beneficio de quienes m\u00e1s lo necesitan\u201d, afirm\u00f3.<\/p>\n\n\n\n<p>Acompa\u00f1ada por el secretario de Salud, Rigoberto Zamudio Meneses; y el coordinador del Centro de Rehabilitaci\u00f3n, Inclusi\u00f3n y Autismo Tlaxcala (CRIAT), Carlos Stefano Galindo Nohpal, la presidenta honor\u00edfica del SEDIF destac\u00f3 la relevancia de las Unidades B\u00e1sicas de Rehabilitaci\u00f3n (UBR) distribuidas en todos los municipios, as\u00ed como la pr\u00f3xima inauguraci\u00f3n del CRIAT, un centro pionero que brindar\u00e1 atenci\u00f3n especializada con enfoque incluyente.<\/p>\n\n\n\n<p>\u201cTlaxcala no estaba contemplado para un centro de este tipo, pero tocamos puertas y hoy ese sue\u00f1o est\u00e1 cerca de hacerse realidad\u201d, se\u00f1al\u00f3.<\/p>\n\n\n\n<p>En su intervenci\u00f3n, el director general del Centro de Autismo Telet\u00f3n (CAT), Adri\u00e1n Felipe Guti\u00e9rrez Bravo, elogi\u00f3 el dise\u00f1o y visi\u00f3n del espacio que se construye en Tlaxcala y lo describi\u00f3 como un lugar sin precedentes en el pa\u00eds por su infraestructura y modelo de atenci\u00f3n.<\/p>\n\n\n\n<p>SEDIF conmemora el d\u00eda del fisioterapeuta con foro estatal: \u201cjuntas y juntos transformamos vidas\u201d<\/p>\n\n\n\n<p>*Mariana Espinosa de los Monteros Cu\u00e9llar reconoci\u00f3 el papel esencial de las y los fisioterapeutas en la atenci\u00f3n integral de pacientes, no solo desde el aspecto cl\u00ednico, sino desde un enfoque social y humano<\/p>\n\n\n\n<p>En el marco del D\u00eda del Fisioterapeuta, el Sistema Estatal para el Desarrollo Integral de la Familia (SEDIF) celebr\u00f3 un foro dirigido a profesionales de la salud, docentes, <a><\/a>estudiantes, investigadores y autoridades del sector, con el prop\u00f3sito de fortalecer la fisioterapia como herramienta clave en la inclusi\u00f3n y rehabilitaci\u00f3n de personas con discapacidad.<\/p>\n\n\n\n<p>Durante el evento, la presidenta honor\u00edfica del SEDIF, Mariana Espinosa de los Monteros Cu\u00e9llar, reconoci\u00f3 el papel esencial de las y los fisioterapeutas en la atenci\u00f3n integral de pacientes, no solo desde el aspecto cl\u00ednico, sino desde un enfoque social y humano.<\/p>\n\n\n\n<p>\u201cSu labor no se limita al tratamiento f\u00edsico, sino que incide directamente en la prevenci\u00f3n de discapacidades, el acompa\u00f1amiento familiar y el trabajo interdisciplinario en beneficio de quienes m\u00e1s lo necesitan\u201d, afirm\u00f3.<\/p>\n\n\n\n<p>Acompa\u00f1ada por el secretario de Salud, Rigoberto Zamudio Meneses; y el coordinador del Centro de Rehabilitaci\u00f3n, Inclusi\u00f3n y Autismo Tlaxcala (CRIAT), Carlos Stefano Galindo Nohpal, la presidenta honor\u00edfica del SEDIF destac\u00f3 la relevancia de las Unidades B\u00e1sicas de Rehabilitaci\u00f3n (UBR) distribuidas en todos los municipios, as\u00ed como la pr\u00f3xima inauguraci\u00f3n del CRIAT, un centro pionero que brindar\u00e1 atenci\u00f3n especializada con enfoque incluyente.<\/p>\n\n\n\n<p>\u201cTlaxcala no estaba contemplado para un centro de este tipo, pero tocamos puertas y hoy ese sue\u00f1o est\u00e1 cerca de hacerse realidad\u201d, se\u00f1al\u00f3.<\/p>\n\n\n\n<p>En su intervenci\u00f3n, el director general del Centro de Autismo Telet\u00f3n (CAT), Adri\u00e1n Felipe Guti\u00e9rrez Bravo, elogi\u00f3 el dise\u00f1o y visi\u00f3n del espacio que se construye en Tlaxcala y lo describi\u00f3 como un lugar sin precedentes en el pa\u00eds por su infraestructura y modelo de atenci\u00f3n.<\/p>\n","protected":false},"excerpt":{"rendered":"<p>*Mariana Espinosa de los Monteros Cu\u00e9llar reconoci\u00f3 el papel esencial de las y los fisioterapeutas en la atenci\u00f3n integral de pacientes, no solo desde el aspecto cl\u00ednico, sino desde un enfoque social y humano En el marco del D\u00eda del Fisioterapeuta, el Sistema Estatal para el Desarrollo Integral de la Familia (SEDIF) celebr\u00f3 un foro [&hellip;]<\/p>\n","protected":false},"author":4,"featured_media":97211,"comment_status":"open","ping_status":"open","sticky":false,"template":"","format":"standard","meta":{"om_disable_all_campaigns":false,"_monsterinsights_skip_tracking":false,"_monsterinsights_sitenote_active":false,"_monsterinsights_sitenote_note":"","_monsterinsights_sitenote_category":0,"jnews-multi-image_gallery":[],"jnews_single_post":{"format":"standard"},"jnews_primary_category":[],"footnotes":""},"categories":[1],"tags":[],"class_list":["post-97210","post","type-post","status-publish","format-standard","has-post-thumbnail","hentry","category-uncategorized"],"aioseo_notices":[],"_links":{"self":[{"href":"https:\/\/estado29.mx\/index.php?rest_route=\/wp\/v2\/posts\/97210","targetHints":{"allow":["GET"]}}],"collection":[{"href":"https:\/\/estado29.mx\/index.php?rest_route=\/wp\/v2\/posts"}],"about":[{"href":"https:\/\/estado29.mx\/index.php?rest_route=\/wp\/v2\/types\/post"}],"author":[{"embeddable":true,"href":"https:\/\/estado29.mx\/index.php?rest_route=\/wp\/v2\/users\/4"}],"replies":[{"embeddable":true,"href":"https:\/\/estado29.mx\/index.php?rest_route=%2Fwp%2Fv2%2Fcomments&post=97210"}],"version-history":[{"count":1,"href":"https:\/\/estado29.mx\/index.php?rest_route=\/wp\/v2\/posts\/97210\/revisions"}],"predecessor-version":[{"id":97212,"href":"https:\/\/estado29.mx\/index.php?rest_route=\/wp\/v2\/posts\/97210\/revisions\/97212"}],"wp:featuredmedia":[{"embeddable":true,"href":"https:\/\/estado29.mx\/index.php?rest_route=\/wp\/v2\/media\/97211"}],"wp:attachment":[{"href":"https:\/\/estado29.mx\/index.php?rest_route=%2Fwp%2Fv2%2Fmedia&parent=97210"}],"wp:term":[{"taxonomy":"category","embeddable":true,"href":"https:\/\/estado29.mx\/index.php?rest_route=%2Fwp%2Fv2%2Fcategories&post=97210"},{"taxonomy":"post_tag","embeddable":true,"href":"https:\/\/estado29.mx\/index.php?rest_route=%2Fwp%2Fv2%2Ftags&post=97210"}],"curies":[{"name":"wp","href":"https:\/\/api.w.org\/{rel}","templated":true}]}}