{"id":97234,"date":"2025-07-08T19:04:35","date_gmt":"2025-07-08T19:04:35","guid":{"rendered":"https:\/\/estado29.mx\/?p=97234"},"modified":"2025-07-08T19:04:36","modified_gmt":"2025-07-08T19:04:36","slug":"la-uatx-fue-sede-del-xxii-curso-reunion-del-grupo-de-biosenales","status":"publish","type":"post","link":"https:\/\/estado29.mx\/?p=97234","title":{"rendered":"La UATx fue sede del XXII Curso-reuni\u00f3n del Grupo de Biose\u00f1ales"},"content":{"rendered":"<figure class=\"wp-block-post-featured-image\"><img loading=\"lazy\" decoding=\"async\" width=\"1081\" height=\"720\" src=\"https:\/\/estado29.mx\/wp-content\/uploads\/2025\/07\/03-4818-aspirantes-presentan-examen-para-ingresar-a-la-UATx-3-1.jpeg\" class=\"attachment-post-thumbnail size-post-thumbnail wp-post-image\" alt=\"\" style=\"object-fit:cover;\" srcset=\"https:\/\/estado29.mx\/wp-content\/uploads\/2025\/07\/03-4818-aspirantes-presentan-examen-para-ingresar-a-la-UATx-3-1.jpeg 1081w, https:\/\/estado29.mx\/wp-content\/uploads\/2025\/07\/03-4818-aspirantes-presentan-examen-para-ingresar-a-la-UATx-3-1-300x200.jpeg 300w, https:\/\/estado29.mx\/wp-content\/uploads\/2025\/07\/03-4818-aspirantes-presentan-examen-para-ingresar-a-la-UATx-3-1-1024x682.jpeg 1024w, https:\/\/estado29.mx\/wp-content\/uploads\/2025\/07\/03-4818-aspirantes-presentan-examen-para-ingresar-a-la-UATx-3-1-768x512.jpeg 768w, https:\/\/estado29.mx\/wp-content\/uploads\/2025\/07\/03-4818-aspirantes-presentan-examen-para-ingresar-a-la-UATx-3-1-750x500.jpeg 750w\" sizes=\"auto, (max-width: 1081px) 100vw, 1081px\" \/><\/figure>\n\n\n<p>\u201cMemoria de largo plazo y otros procesos cognitivos\u201d<\/p>\n\n\n\n<p>Con el prop\u00f3sito de generar un di\u00e1logo interdisciplinario de los avances y la comprensi\u00f3n te\u00f3rica y pr\u00e1ctica de la memoria, y su relaci\u00f3n con otros procedimientos cognitivos en los campos de la investigaci\u00f3n en biose\u00f1ales, neurociencia cognitiva y su aplicaci\u00f3n en la evaluaci\u00f3n e intervenci\u00f3n en la cl\u00ednica y en el \u00e1rea educativa, la Facultad de Ciencias para el Desarrollo Humano de la Universidad Aut\u00f3noma de Tlaxcala (FCDH-UATx) fue sede del XXII Curso-reuni\u00f3n del Grupo de Biose\u00f1ales \u201cMemoria de largo plazo y otros procesos cognitivos\u201d.<\/p>\n\n\n\n<p>Dicho evento reuni\u00f3 a especialistas de Guadalajara, Guanajuato y Ciudad de M\u00e9xico, y a estudiantes de la FCDH y de los centros de investigaci\u00f3n. En la inauguraci\u00f3n de los trabajos, el Maestro Irving Eduardo Ortiz Gallardo, Coordinador de la Divisi\u00f3n en Ciencias y Humanidades, asegur\u00f3 que este tipo de foros representan una oportunidad para actualizar los conocimientos, compartir experiencias y presentar los avances en este campo, adem\u00e1s, permite comprender mejor los procesos cognitivos, el an\u00e1lisis de la conducta, el comportamiento y las alteraciones de la memoria.<\/p>\n\n\n\n<p>Enfatiz\u00f3 que recibir esta reuni\u00f3n en la m\u00e1xima Casa de Estudios es una oportunidad para fortalecer el trabajo de la comunidad cient\u00edfica, propiciar la creaci\u00f3n de redes de colaboraci\u00f3n multidisciplinaria y motivar a los educandos a incursionar en el estudio e investigaci\u00f3n de la memoria, dado que el Modelo Humanista Integrador basado en Capacidades hace hincapi\u00e9 en la b\u00fasqueda de alternativas de soluci\u00f3n a los problemas sociales a trav\u00e9s del Seminario de Integraci\u00f3n de la Praxis Profesional.<\/p>\n\n\n\n<p>Por su parte, el Doctor Josu\u00e9 Antonio Camacho Candia, Director de la FCDH, indic\u00f3 que este foro viene a enriquecer el trabajo de investigaci\u00f3n en virtud que la memoria se relaciona con diferentes contextos, poblaciones y situaciones, y con las alteraciones del neuro desarrollo.<\/p>\n\n\n\n<p>Las actividades iniciaron con la presentaci\u00f3n del libro Memorias a largo plazo y otros procesos cognitivos, coordinado por la Doctora Andrea Cristina Medina Fragoso, del Instituto de Neurobiolog\u00eda de la Universidad Nacional Aut\u00f3noma de M\u00e9xico; la Doctora Marisela Hern\u00e1ndez Gonz\u00e1lez, del Centro Universitario de Ciencias Biol\u00f3gicas y Agropecuarias; el Doctor Miguel \u00c1ngel Guevara P\u00e9rez de la Universidad de Guadalajara; y el Doctor Enrique Hern\u00e1ndez Arteaga de la UATx. La obra re\u00fane el abordaje de la memoria desde diferentes aristas y los procesos cognitivos por diversos especialistas.<\/p>\n\n\n\n<p>Entre los temas analizados destacan: El estudio de la memoria: aportaciones desde las neurociencias y el an\u00e1lisis de la conducta, La memoria de largo plazo: una nueva perspectiva, \u00bfC\u00f3mo influye la personalidad<\/p>\n\n\n\n<p>sobre la memoria?, Aprendizaje y memoria en la conducta sexual, De la memoria al comportamiento: c\u00f3mo la biolog\u00eda y el entorno moldean nuestras decisiones; y Alteraciones de la memoria en Alzheimer y depresi\u00f3n: Papel de factor derivado del cerebro.<\/p>\n","protected":false},"excerpt":{"rendered":"<p>\u201cMemoria de largo plazo y otros procesos cognitivos\u201d Con el prop\u00f3sito de generar un di\u00e1logo interdisciplinario de los avances y la comprensi\u00f3n te\u00f3rica y pr\u00e1ctica de la memoria, y su relaci\u00f3n con otros procedimientos cognitivos en los campos de la investigaci\u00f3n en biose\u00f1ales, neurociencia cognitiva y su aplicaci\u00f3n en la evaluaci\u00f3n e intervenci\u00f3n en la [&hellip;]<\/p>\n","protected":false},"author":9,"featured_media":97235,"comment_status":"open","ping_status":"open","sticky":false,"template":"","format":"standard","meta":{"om_disable_all_campaigns":false,"_monsterinsights_skip_tracking":false,"_monsterinsights_sitenote_active":false,"_monsterinsights_sitenote_note":"","_monsterinsights_sitenote_category":0,"jnews-multi-image_gallery":[],"jnews_single_post":{"format":"standard"},"jnews_primary_category":[],"footnotes":""},"categories":[1],"tags":[],"class_list":["post-97234","post","type-post","status-publish","format-standard","has-post-thumbnail","hentry","category-uncategorized"],"aioseo_notices":[],"_links":{"self":[{"href":"https:\/\/estado29.mx\/index.php?rest_route=\/wp\/v2\/posts\/97234","targetHints":{"allow":["GET"]}}],"collection":[{"href":"https:\/\/estado29.mx\/index.php?rest_route=\/wp\/v2\/posts"}],"about":[{"href":"https:\/\/estado29.mx\/index.php?rest_route=\/wp\/v2\/types\/post"}],"author":[{"embeddable":true,"href":"https:\/\/estado29.mx\/index.php?rest_route=\/wp\/v2\/users\/9"}],"replies":[{"embeddable":true,"href":"https:\/\/estado29.mx\/index.php?rest_route=%2Fwp%2Fv2%2Fcomments&post=97234"}],"version-history":[{"count":1,"href":"https:\/\/estado29.mx\/index.php?rest_route=\/wp\/v2\/posts\/97234\/revisions"}],"predecessor-version":[{"id":97236,"href":"https:\/\/estado29.mx\/index.php?rest_route=\/wp\/v2\/posts\/97234\/revisions\/97236"}],"wp:featuredmedia":[{"embeddable":true,"href":"https:\/\/estado29.mx\/index.php?rest_route=\/wp\/v2\/media\/97235"}],"wp:attachment":[{"href":"https:\/\/estado29.mx\/index.php?rest_route=%2Fwp%2Fv2%2Fmedia&parent=97234"}],"wp:term":[{"taxonomy":"category","embeddable":true,"href":"https:\/\/estado29.mx\/index.php?rest_route=%2Fwp%2Fv2%2Fcategories&post=97234"},{"taxonomy":"post_tag","embeddable":true,"href":"https:\/\/estado29.mx\/index.php?rest_route=%2Fwp%2Fv2%2Ftags&post=97234"}],"curies":[{"name":"wp","href":"https:\/\/api.w.org\/{rel}","templated":true}]}}