{"id":97246,"date":"2025-07-08T19:10:34","date_gmt":"2025-07-08T19:10:34","guid":{"rendered":"https:\/\/estado29.mx\/?p=97246"},"modified":"2025-08-01T00:07:21","modified_gmt":"2025-08-01T00:07:21","slug":"recordatorio-venta-en-linea-de-boletos-para-los-espectaculos-de-la-feria-huamantla-2025","status":"publish","type":"post","link":"https:\/\/estado29.mx\/?p=97246","title":{"rendered":"Recordatorio: venta en l\u00ednea de boletos para los espect\u00e1culos de la Feria Huamantla 2025"},"content":{"rendered":"<figure class=\"wp-block-post-featured-image\"><img loading=\"lazy\" decoding=\"async\" width=\"1080\" height=\"1350\" src=\"https:\/\/estado29.mx\/wp-content\/uploads\/2025\/07\/WhatsApp-Image-2025-07-06-at-9.39.53-PM.jpeg\" class=\"attachment-post-thumbnail size-post-thumbnail wp-post-image\" alt=\"\" style=\"object-fit:cover;\" srcset=\"https:\/\/estado29.mx\/wp-content\/uploads\/2025\/07\/WhatsApp-Image-2025-07-06-at-9.39.53-PM.jpeg 1080w, https:\/\/estado29.mx\/wp-content\/uploads\/2025\/07\/WhatsApp-Image-2025-07-06-at-9.39.53-PM-240x300.jpeg 240w, https:\/\/estado29.mx\/wp-content\/uploads\/2025\/07\/WhatsApp-Image-2025-07-06-at-9.39.53-PM-819x1024.jpeg 819w, https:\/\/estado29.mx\/wp-content\/uploads\/2025\/07\/WhatsApp-Image-2025-07-06-at-9.39.53-PM-768x960.jpeg 768w, https:\/\/estado29.mx\/wp-content\/uploads\/2025\/07\/WhatsApp-Image-2025-07-06-at-9.39.53-PM-750x938.jpeg 750w\" sizes=\"auto, (max-width: 1080px) 100vw, 1080px\" \/><\/figure>\n\n\n<p>El Gobierno Municipal de Huamantla informa que a partir de este lunes 7 de julio a las 12:00 del mediod\u00eda, dar\u00e1 inicio la venta oficial de boletos en l\u00ednea para los eventos art\u00edsticos de la 151\u00aa Feria Internacional del Arte Ef\u00edmero y la Dalia Huamantla 2025, a trav\u00e9s del sitio web:<br>\ud83c\udf10 www.feriadehuamantla2025.com<\/p>\n\n\n\n<p>Con el objetivo de brindar un acceso ordenado, seguro y transparente, la ciudadan\u00eda podr\u00e1 adquirir sus entradas desde la comodidad de su hogar, eligiendo entre dos modalidades:<br>\ud83c\udfab Entrada general: $150 pesos<br>\ud83c\udfab Zona VIP: $500 pesos<\/p>\n\n\n\n<p>Estos precios han sido establecidos de forma accesible para que m\u00e1s familias puedan disfrutar de artistas de talla internacional que forman parte de la cartelera de este a\u00f1o, destacando la calidad de los espect\u00e1culos y el nivel de organizaci\u00f3n de la feria.<\/p>\n\n\n\n<p>Entre los artistas confirmados se encuentran:<br>\u2022 Siddhartha \u2013 1 de agosto<br>\u2022 Banda MS \u2013 3 de agosto (acceso con entrega de kit escolar) (VIP en venta)<br>\u2022 El Poder del Norte \u2013 8 de agosto<br>\u2022 Tucanes de Tijuana \u2013 9 de agosto<br>\u2022 Matute \u2013 10 de agosto<br>\u2022 Los Acosta \u2013 15 de agosto<br>\u2022 Artista Sorpresa \u2013 16 de agosto<br>\u2022 El Tri \u2013 17 de agosto<br>\u2022 Brincos Dieras \u2013 22 de agosto<br>\u2022 Edwin Luna y Lupillo Rivera \u2013 23 de agosto<br>\u2022 Yuri \u2013 24 de agosto<br>\u2022 Banda El Recodo \u2013 29 de agosto<br>\u2022 Las Grandiosas \u2013 30 de agosto<br>\u2022 Kardenas HK3 \u2013 31 de agosto (evento gratuito para ni\u00f1as y ni\u00f1os)<\/p>\n\n\n\n<p>\ud83d\udd12 Importante:<\/p>\n\n\n\n<p>Los boletos para los espect\u00e1culos de la Feria Huamantla 2025 no son cancelables, reembolsables ni transferibles. Asimismo, queda estrictamente prohibida su reventa.<br>Cualquier boleto adquirido fuera de los canales oficiales puede ser inv\u00e1lido y no garantiza el acceso al evento.<\/p>\n\n\n\n<p>El Gobierno de Huamantla reitera la invitaci\u00f3n a adquirir sus boletos \u00fanicamente a trav\u00e9s del sitio web oficial, a fin de evitar fraudes y garantizar una experiencia segura y confiable para todas y todos.<\/p>\n","protected":false},"excerpt":{"rendered":"<p>El Gobierno Municipal de Huamantla informa que a partir de este lunes 7 de julio a las 12:00 del mediod\u00eda, dar\u00e1 inicio la venta oficial de boletos en l\u00ednea para los eventos art\u00edsticos de la 151\u00aa Feria Internacional del Arte Ef\u00edmero y la Dalia Huamantla 2025, a trav\u00e9s del sitio web:\ud83c\udf10 www.feriadehuamantla2025.com Con el objetivo [&hellip;]<\/p>\n","protected":false},"author":9,"featured_media":97247,"comment_status":"open","ping_status":"open","sticky":false,"template":"","format":"standard","meta":{"om_disable_all_campaigns":false,"_monsterinsights_skip_tracking":false,"_monsterinsights_sitenote_active":false,"_monsterinsights_sitenote_note":"","_monsterinsights_sitenote_category":0,"jnews-multi-image_gallery":[],"jnews_single_post":{"format":"standard"},"jnews_primary_category":[],"footnotes":""},"categories":[1],"tags":[],"class_list":["post-97246","post","type-post","status-publish","format-standard","has-post-thumbnail","hentry","category-uncategorized"],"aioseo_notices":[],"_links":{"self":[{"href":"https:\/\/estado29.mx\/index.php?rest_route=\/wp\/v2\/posts\/97246","targetHints":{"allow":["GET"]}}],"collection":[{"href":"https:\/\/estado29.mx\/index.php?rest_route=\/wp\/v2\/posts"}],"about":[{"href":"https:\/\/estado29.mx\/index.php?rest_route=\/wp\/v2\/types\/post"}],"author":[{"embeddable":true,"href":"https:\/\/estado29.mx\/index.php?rest_route=\/wp\/v2\/users\/9"}],"replies":[{"embeddable":true,"href":"https:\/\/estado29.mx\/index.php?rest_route=%2Fwp%2Fv2%2Fcomments&post=97246"}],"version-history":[{"count":1,"href":"https:\/\/estado29.mx\/index.php?rest_route=\/wp\/v2\/posts\/97246\/revisions"}],"predecessor-version":[{"id":97248,"href":"https:\/\/estado29.mx\/index.php?rest_route=\/wp\/v2\/posts\/97246\/revisions\/97248"}],"wp:featuredmedia":[{"embeddable":true,"href":"https:\/\/estado29.mx\/index.php?rest_route=\/wp\/v2\/media\/97247"}],"wp:attachment":[{"href":"https:\/\/estado29.mx\/index.php?rest_route=%2Fwp%2Fv2%2Fmedia&parent=97246"}],"wp:term":[{"taxonomy":"category","embeddable":true,"href":"https:\/\/estado29.mx\/index.php?rest_route=%2Fwp%2Fv2%2Fcategories&post=97246"},{"taxonomy":"post_tag","embeddable":true,"href":"https:\/\/estado29.mx\/index.php?rest_route=%2Fwp%2Fv2%2Ftags&post=97246"}],"curies":[{"name":"wp","href":"https:\/\/api.w.org\/{rel}","templated":true}]}}