{"id":97249,"date":"2025-07-08T19:12:04","date_gmt":"2025-07-08T19:12:04","guid":{"rendered":"https:\/\/estado29.mx\/?p=97249"},"modified":"2025-08-01T00:07:17","modified_gmt":"2025-08-01T00:07:17","slug":"chava-santos-da-banderazo-de-arranque-de-obras-en-comunidades","status":"publish","type":"post","link":"https:\/\/estado29.mx\/?p=97249","title":{"rendered":"CHAVA SANTOS DA BANDERAZO DE ARRANQUE DE OBRAS EN COMUNIDADES"},"content":{"rendered":"<figure class=\"wp-block-post-featured-image\"><img loading=\"lazy\" decoding=\"async\" width=\"2560\" height=\"1707\" src=\"https:\/\/estado29.mx\/wp-content\/uploads\/2025\/07\/WhatsApp-Image-2025-07-07-at-8.50.22-PM-scaled.jpeg\" class=\"attachment-post-thumbnail size-post-thumbnail wp-post-image\" alt=\"\" style=\"object-fit:cover;\" srcset=\"https:\/\/estado29.mx\/wp-content\/uploads\/2025\/07\/WhatsApp-Image-2025-07-07-at-8.50.22-PM-scaled.jpeg 2560w, https:\/\/estado29.mx\/wp-content\/uploads\/2025\/07\/WhatsApp-Image-2025-07-07-at-8.50.22-PM-300x200.jpeg 300w, https:\/\/estado29.mx\/wp-content\/uploads\/2025\/07\/WhatsApp-Image-2025-07-07-at-8.50.22-PM-1024x683.jpeg 1024w, https:\/\/estado29.mx\/wp-content\/uploads\/2025\/07\/WhatsApp-Image-2025-07-07-at-8.50.22-PM-768x512.jpeg 768w, https:\/\/estado29.mx\/wp-content\/uploads\/2025\/07\/WhatsApp-Image-2025-07-07-at-8.50.22-PM-1536x1024.jpeg 1536w, https:\/\/estado29.mx\/wp-content\/uploads\/2025\/07\/WhatsApp-Image-2025-07-07-at-8.50.22-PM-2048x1366.jpeg 2048w, https:\/\/estado29.mx\/wp-content\/uploads\/2025\/07\/WhatsApp-Image-2025-07-07-at-8.50.22-PM-750x500.jpeg 750w, https:\/\/estado29.mx\/wp-content\/uploads\/2025\/07\/WhatsApp-Image-2025-07-07-at-8.50.22-PM-1140x760.jpeg 1140w\" sizes=\"auto, (max-width: 2560px) 100vw, 2560px\" \/><\/figure>\n\n\n<p>El Gobierno Municipal de Huamantla que encabeza Salvador Santos Cedillo contin\u00faa trabajando por el bienestar de las y los huamantlecos, impulsando obras que dignifican la vida en las comunidades y fortalecen la infraestructura social.<\/p>\n\n\n\n<p>Este lunes 7 de julio, el presidente municipal dio el banderazo de arranque a tres importantes obras en distintas localidades del municipio, como parte del programa Fondo de Aportaciones para la Infraestructura Social Municipal (FAISMUN 2025), con una inversi\u00f3n total de m\u00e1s de 5.4 millones de pesos, en beneficio directo de m\u00e1s de 1,400 habitantes.<\/p>\n\n\n\n<p>Las obras iniciadas son la Rehabilitaci\u00f3n de cancha deportiva en la escuela primaria \u201cJoaqu\u00edn Cisneros Molina\u201d en Chapultepec, donde se renovar\u00e1 el espacio con piso de concreto, nuevos tableros, pintura deportiva, red de voleibol y m\u00e1s, beneficiando a 350 alumnos y familias de la comunidad.<\/p>\n\n\n\n<p>As\u00ed mismo se dio el banderazo de inicio de la construcci\u00f3n de planta de tratamiento de aguas residuales en la colonia El Valle, una obra esencial de 3,000 m\u00b2 para el cuidado del medio ambiente y la salud de m\u00e1s de 700 habitantes, que contempla colectores, fosas de tratamiento, filtros, y cercado perimetral.<\/p>\n\n\n\n<p>Por \u00faltimo, en el barrio de San Sebasti\u00e1n se dio inicio a la rehabilitaci\u00f3n de red de drenaje sanitario en Circuito Volcanes, donde se instalar\u00e1n m\u00e1s de 250 metros lineales de nueva red sanitaria, beneficiando a 300 personas con una infraestructura m\u00e1s segura, funcional y duradera.<\/p>\n\n\n\n<p>Estas acciones refrendan el trabajo del Gobierno Municipal con las comunidades, priorizando obras que responden a las necesidades reales de la gente y que generan un impacto positivo en su vida diaria.<\/p>\n\n\n\n<p>\u201cSeguimos construyendo un Huamantla m\u00e1s fuerte, m\u00e1s justo y con mejores servicios para todas y todos\u201d, se\u00f1al\u00f3 el presidente municipal durante el arranque de obras.<\/p>\n\n\n\n<p>Se conto con la presencia de presidentes de comunidad, regidores del ayuntamiento, as\u00ed como vecinos del lugar que constataron la puesta en marcha de los trabajos.<\/p>\n","protected":false},"excerpt":{"rendered":"<p>El Gobierno Municipal de Huamantla que encabeza Salvador Santos Cedillo contin\u00faa trabajando por el bienestar de las y los huamantlecos, impulsando obras que dignifican la vida en las comunidades y fortalecen la infraestructura social. Este lunes 7 de julio, el presidente municipal dio el banderazo de arranque a tres importantes obras en distintas localidades del [&hellip;]<\/p>\n","protected":false},"author":9,"featured_media":97250,"comment_status":"open","ping_status":"open","sticky":false,"template":"","format":"standard","meta":{"om_disable_all_campaigns":false,"_monsterinsights_skip_tracking":false,"_monsterinsights_sitenote_active":false,"_monsterinsights_sitenote_note":"","_monsterinsights_sitenote_category":0,"jnews-multi-image_gallery":[],"jnews_single_post":{"format":"standard"},"jnews_primary_category":[],"footnotes":""},"categories":[1],"tags":[],"class_list":["post-97249","post","type-post","status-publish","format-standard","has-post-thumbnail","hentry","category-uncategorized"],"aioseo_notices":[],"_links":{"self":[{"href":"https:\/\/estado29.mx\/index.php?rest_route=\/wp\/v2\/posts\/97249","targetHints":{"allow":["GET"]}}],"collection":[{"href":"https:\/\/estado29.mx\/index.php?rest_route=\/wp\/v2\/posts"}],"about":[{"href":"https:\/\/estado29.mx\/index.php?rest_route=\/wp\/v2\/types\/post"}],"author":[{"embeddable":true,"href":"https:\/\/estado29.mx\/index.php?rest_route=\/wp\/v2\/users\/9"}],"replies":[{"embeddable":true,"href":"https:\/\/estado29.mx\/index.php?rest_route=%2Fwp%2Fv2%2Fcomments&post=97249"}],"version-history":[{"count":1,"href":"https:\/\/estado29.mx\/index.php?rest_route=\/wp\/v2\/posts\/97249\/revisions"}],"predecessor-version":[{"id":97251,"href":"https:\/\/estado29.mx\/index.php?rest_route=\/wp\/v2\/posts\/97249\/revisions\/97251"}],"wp:featuredmedia":[{"embeddable":true,"href":"https:\/\/estado29.mx\/index.php?rest_route=\/wp\/v2\/media\/97250"}],"wp:attachment":[{"href":"https:\/\/estado29.mx\/index.php?rest_route=%2Fwp%2Fv2%2Fmedia&parent=97249"}],"wp:term":[{"taxonomy":"category","embeddable":true,"href":"https:\/\/estado29.mx\/index.php?rest_route=%2Fwp%2Fv2%2Fcategories&post=97249"},{"taxonomy":"post_tag","embeddable":true,"href":"https:\/\/estado29.mx\/index.php?rest_route=%2Fwp%2Fv2%2Ftags&post=97249"}],"curies":[{"name":"wp","href":"https:\/\/api.w.org\/{rel}","templated":true}]}}