{"id":97258,"date":"2025-07-09T13:27:46","date_gmt":"2025-07-09T13:27:46","guid":{"rendered":"https:\/\/estado29.mx\/?p=97258"},"modified":"2025-08-01T00:07:04","modified_gmt":"2025-08-01T00:07:04","slug":"sesa-abre-registro-para-cirugias-gratuitas-de-cataratas","status":"publish","type":"post","link":"https:\/\/estado29.mx\/?p=97258","title":{"rendered":"SESA abre registro para cirug\u00edas gratuitas de cataratas"},"content":{"rendered":"\n<p><\/p>\n\n\n\n<p>\u2022La Jornada \u201cVer por M\u00e9xico\u201d es impulsada por los gobiernos de M\u00e9xico y Tlaxcala para mejorar la calidad de vida de personas con padecimientos visuales<\/p>\n\n\n\n<p>La Secretar\u00eda de Salud del Estado (SESA) anunci\u00f3 el inicio de la primera etapa de registro para aspirantes a ser beneficiarios de cirug\u00edas oftalmol\u00f3gicas gratuitas, como parte de la Jornada Nacional \u201cVer por M\u00e9xico\u201d que promueven conjuntamente el Gobierno de M\u00e9xico y Tlaxcala, con el objetivo de mejorar la salud visual de personas que padecen cataratas y otras patolog\u00edas visuales,<\/p>\n\n\n\n<p>La jornada est\u00e1 dirigida a personas de cualquier edad que cuenten con diagn\u00f3stico de cataratas u otras enfermedades oculares; las intervenciones quir\u00fargicas se realizar\u00e1n sin costo, tras un proceso de valoraci\u00f3n m\u00e9dica que determinar\u00e1 la viabilidad de cada caso.<\/p>\n\n\n\n<p>Las personas mayores de edad interesadas deber\u00e1n presentar la siguiente documentaci\u00f3n: identificaci\u00f3n oficial (INE), comprobante de domicilio, resumen cl\u00ednico con diagn\u00f3stico (si se cuenta con \u00e9l), copia de resultados de laboratorio (en caso de tenerlos) y correo electr\u00f3nico personal o de un familiar, por escrito.<\/p>\n\n\n\n<p>Toda la documentaci\u00f3n debe ser entregada por familiares del paciente en los m\u00f3dulos de registro habilitados por la SESA, de acuerdo con el siguiente calendario: del 9 al 15 de julio, en el Centro de Salud Urbano de Tlaxcala; del 17 al 23 de julio en el Centro de Salud Urbano de Huamantla y del 24 al 30 de julio en el Centro de Salud Urbano de Apizaco<\/p>\n\n\n\n<p>Tambi\u00e9n se encuentra disponible el m\u00f3dulo permanente en las oficinas centrales de SESA, ubicadas en La Ci\u00e9nega del Molinito de Moya, n\u00famero 1, en San Esteban Tizatl\u00e1n. El horario de atenci\u00f3n en todos los m\u00f3dulos de registro es de 9:00 a 14:30 horas.<\/p>\n\n\n\n<p>Tras el registro, se llevar\u00e1 a cabo una valoraci\u00f3n m\u00e9dica especializada para determinar la elegibilidad de cada paciente; quienes resulten candidatos se podrapn operar de manera gratuita, gracias a este programa federal que busca mejorar la salud visual y calidad de vida de miles de personas en el pa\u00eds.<\/p>\n","protected":false},"excerpt":{"rendered":"<p>\u2022La Jornada \u201cVer por M\u00e9xico\u201d es impulsada por los gobiernos de M\u00e9xico y Tlaxcala para mejorar la calidad de vida de personas con padecimientos visuales La Secretar\u00eda de Salud del Estado (SESA) anunci\u00f3 el inicio de la primera etapa de registro para aspirantes a ser beneficiarios de cirug\u00edas oftalmol\u00f3gicas gratuitas, como parte de la Jornada [&hellip;]<\/p>\n","protected":false},"author":4,"featured_media":97259,"comment_status":"open","ping_status":"open","sticky":false,"template":"","format":"standard","meta":{"om_disable_all_campaigns":false,"_monsterinsights_skip_tracking":false,"_monsterinsights_sitenote_active":false,"_monsterinsights_sitenote_note":"","_monsterinsights_sitenote_category":0,"jnews-multi-image_gallery":[],"jnews_single_post":{"format":"standard"},"jnews_primary_category":[],"footnotes":""},"categories":[1],"tags":[],"class_list":["post-97258","post","type-post","status-publish","format-standard","has-post-thumbnail","hentry","category-uncategorized"],"aioseo_notices":[],"_links":{"self":[{"href":"https:\/\/estado29.mx\/index.php?rest_route=\/wp\/v2\/posts\/97258","targetHints":{"allow":["GET"]}}],"collection":[{"href":"https:\/\/estado29.mx\/index.php?rest_route=\/wp\/v2\/posts"}],"about":[{"href":"https:\/\/estado29.mx\/index.php?rest_route=\/wp\/v2\/types\/post"}],"author":[{"embeddable":true,"href":"https:\/\/estado29.mx\/index.php?rest_route=\/wp\/v2\/users\/4"}],"replies":[{"embeddable":true,"href":"https:\/\/estado29.mx\/index.php?rest_route=%2Fwp%2Fv2%2Fcomments&post=97258"}],"version-history":[{"count":1,"href":"https:\/\/estado29.mx\/index.php?rest_route=\/wp\/v2\/posts\/97258\/revisions"}],"predecessor-version":[{"id":97260,"href":"https:\/\/estado29.mx\/index.php?rest_route=\/wp\/v2\/posts\/97258\/revisions\/97260"}],"wp:featuredmedia":[{"embeddable":true,"href":"https:\/\/estado29.mx\/index.php?rest_route=\/wp\/v2\/media\/97259"}],"wp:attachment":[{"href":"https:\/\/estado29.mx\/index.php?rest_route=%2Fwp%2Fv2%2Fmedia&parent=97258"}],"wp:term":[{"taxonomy":"category","embeddable":true,"href":"https:\/\/estado29.mx\/index.php?rest_route=%2Fwp%2Fv2%2Fcategories&post=97258"},{"taxonomy":"post_tag","embeddable":true,"href":"https:\/\/estado29.mx\/index.php?rest_route=%2Fwp%2Fv2%2Ftags&post=97258"}],"curies":[{"name":"wp","href":"https:\/\/api.w.org\/{rel}","templated":true}]}}