{"id":97261,"date":"2025-07-09T13:30:21","date_gmt":"2025-07-09T13:30:21","guid":{"rendered":"https:\/\/estado29.mx\/?p=97261"},"modified":"2025-08-01T00:07:00","modified_gmt":"2025-08-01T00:07:00","slug":"rosella-maylen-sanchez-destaca-en-halterofilia-durante-olimpiada-nacional-conade-2025","status":"publish","type":"post","link":"https:\/\/estado29.mx\/?p=97261","title":{"rendered":"Rosella Maylen S\u00e1nchez destaca en halterofilia durante olimpiada nacional CONADE 2025"},"content":{"rendered":"\n<p><\/p>\n\n\n\n<p>*En su debut nacional, la originaria del municipio de San Pablo del Monte demostr\u00f3 concentraci\u00f3n y disciplina<\/p>\n\n\n\n<p>Desde Jalisco, la joven atleta tlaxcalteca Rosella Maylen S\u00e1nchez P\u00e9rez inici\u00f3 con fuerza su participaci\u00f3n en la Olimpiada Nacional CONADE 2025, compitiendo en la disciplina de halterofilia, categor\u00eda Sub-17, divisi\u00f3n de 59 kilogramos.<\/p>\n\n\n\n<p>En su debut nacional, la originaria del municipio de San Pablo del Monte demostr\u00f3 concentraci\u00f3n y disciplina al levantar 51 kg en arranque y 62 kg en envi\u00f3n, logrando un total de 113 kg.<\/p>\n\n\n\n<p>Este resultado coloca a Rosella como una de las promesas del deporte en Tlaxcala y resalta el esfuerzo de preparaci\u00f3n previa que realiz\u00f3.<\/p>\n\n\n\n<p>&#8220;Yo entr\u00e9 a este deporte con ganas de experimentar algo nuevo, algo que nunca hab\u00eda probado. Me gusta por lo complejo que es: no solo levantar f\u00edsicamente, tambi\u00e9n requiere concentraci\u00f3n para mejorar cada d\u00eda,&#8221; comparti\u00f3 la atleta.<\/p>\n\n\n\n<p>Rosella explic\u00f3 que, aunque los nervios estuvieron presentes por tratarse de su primera olimpiada, el trabajo constante y el enfoque han sido clave para enfrentar este reto.<\/p>\n\n\n\n<p>Su preparaci\u00f3n incluy\u00f3 un campamento intensivo iniciado el 22 de junio en Jalisco, organizado por el Instituto del Deporte de Tlaxcala (IDET), con el objetivo de perfeccionar su t\u00e9cnica.<\/p>\n\n\n\n<p>La jornada deportiva continuar\u00e1 este mi\u00e9rcoles 9 de julio con la participaci\u00f3n de los atletas tlaxcaltecas Jorge Justino Salas Garc\u00eda y Fabi\u00e1n Gabriel C\u00e1zares, en las categor\u00edas Sub-15 de 44 kg y 55 kg, respectivamente.<\/p>\n","protected":false},"excerpt":{"rendered":"<p>*En su debut nacional, la originaria del municipio de San Pablo del Monte demostr\u00f3 concentraci\u00f3n y disciplina Desde Jalisco, la joven atleta tlaxcalteca Rosella Maylen S\u00e1nchez P\u00e9rez inici\u00f3 con fuerza su participaci\u00f3n en la Olimpiada Nacional CONADE 2025, compitiendo en la disciplina de halterofilia, categor\u00eda Sub-17, divisi\u00f3n de 59 kilogramos. En su debut nacional, la [&hellip;]<\/p>\n","protected":false},"author":4,"featured_media":97262,"comment_status":"open","ping_status":"open","sticky":false,"template":"","format":"standard","meta":{"om_disable_all_campaigns":false,"_monsterinsights_skip_tracking":false,"_monsterinsights_sitenote_active":false,"_monsterinsights_sitenote_note":"","_monsterinsights_sitenote_category":0,"jnews-multi-image_gallery":[],"jnews_single_post":{"format":"standard"},"jnews_primary_category":[],"footnotes":""},"categories":[1],"tags":[],"class_list":["post-97261","post","type-post","status-publish","format-standard","has-post-thumbnail","hentry","category-uncategorized"],"aioseo_notices":[],"_links":{"self":[{"href":"https:\/\/estado29.mx\/index.php?rest_route=\/wp\/v2\/posts\/97261","targetHints":{"allow":["GET"]}}],"collection":[{"href":"https:\/\/estado29.mx\/index.php?rest_route=\/wp\/v2\/posts"}],"about":[{"href":"https:\/\/estado29.mx\/index.php?rest_route=\/wp\/v2\/types\/post"}],"author":[{"embeddable":true,"href":"https:\/\/estado29.mx\/index.php?rest_route=\/wp\/v2\/users\/4"}],"replies":[{"embeddable":true,"href":"https:\/\/estado29.mx\/index.php?rest_route=%2Fwp%2Fv2%2Fcomments&post=97261"}],"version-history":[{"count":1,"href":"https:\/\/estado29.mx\/index.php?rest_route=\/wp\/v2\/posts\/97261\/revisions"}],"predecessor-version":[{"id":97263,"href":"https:\/\/estado29.mx\/index.php?rest_route=\/wp\/v2\/posts\/97261\/revisions\/97263"}],"wp:featuredmedia":[{"embeddable":true,"href":"https:\/\/estado29.mx\/index.php?rest_route=\/wp\/v2\/media\/97262"}],"wp:attachment":[{"href":"https:\/\/estado29.mx\/index.php?rest_route=%2Fwp%2Fv2%2Fmedia&parent=97261"}],"wp:term":[{"taxonomy":"category","embeddable":true,"href":"https:\/\/estado29.mx\/index.php?rest_route=%2Fwp%2Fv2%2Fcategories&post=97261"},{"taxonomy":"post_tag","embeddable":true,"href":"https:\/\/estado29.mx\/index.php?rest_route=%2Fwp%2Fv2%2Ftags&post=97261"}],"curies":[{"name":"wp","href":"https:\/\/api.w.org\/{rel}","templated":true}]}}