{"id":97264,"date":"2025-07-09T13:32:00","date_gmt":"2025-07-09T13:32:00","guid":{"rendered":"https:\/\/estado29.mx\/?p=97264"},"modified":"2025-08-01T00:06:56","modified_gmt":"2025-08-01T00:06:56","slug":"participa-secture-en-celebracion-del-dia-del-agente-de-viajes-en-cdmx","status":"publish","type":"post","link":"https:\/\/estado29.mx\/?p=97264","title":{"rendered":"Participa SECTURE en celebraci\u00f3n del d\u00eda del agente de viajes en CDMX"},"content":{"rendered":"\n<p><\/p>\n\n\n\n<p>*El secretario de Turismo, Fabricio Mena, represent\u00f3 al estado en un encuentro clave con l\u00edderes del sector tur\u00edstico nacional<\/p>\n\n\n\n<p>Tlaxcala reafirm\u00f3 su compromiso con la proyecci\u00f3n tur\u00edstica nacional al participar en la celebraci\u00f3n del D\u00eda del Agente de Viajes, evento convocado por la Federaci\u00f3n Mexicana de Asociaciones Tur\u00edsticas (FEMATUR) y la Asociaci\u00f3n Mexicana de Agencias de Viajes de la Ciudad de M\u00e9xico (AMAV-CDMX).<\/p>\n\n\n\n<p>La ceremonia, realizada en la Ciudad de M\u00e9xico, reuni\u00f3 a m\u00e1s de 500 representantes del sector tur\u00edstico, entre agentes de viajes, tour operadores, prestadores de servicios, hoteleros, restauranteros, acad\u00e9micos y funcionarios p\u00fablicos.<\/p>\n\n\n\n<p>El titular de la Secretar\u00eda de Turismo del Estado (SECTURE), Fabricio Mena Rodr\u00edguez, asisti\u00f3 como representante del Gobierno de Tlaxcala, al acto donde se reconoci\u00f3 la labor estrat\u00e9gica de los agentes de viajes y su contribuci\u00f3n a la industria tur\u00edstica del pa\u00eds.<\/p>\n\n\n\n<p>\u201cEste tipo de espacios fortalecen el v\u00ednculo entre estados y asociaciones, y permiten posicionar a Tlaxcala como un destino con identidad, hospitalidad y riqueza cultural\u201d, expres\u00f3 Mena Rodr\u00edguez.<\/p>\n\n\n\n<p>El evento permiti\u00f3 visibilizar el papel esencial que juegan los agentes de viajes como asesores especializados, capaces de dise\u00f1ar experiencias personalizadas, optimizar itinerarios, gestionar reservas y resolver imprevistos.<\/p>\n\n\n\n<p>Asimismo, se realiz\u00f3 un ciclo de conferencias con especialistas del sector, centrado en la innovaci\u00f3n, profesionalizaci\u00f3n y responsabilidad social en el ejercicio de la labor tur\u00edstica.<\/p>\n\n\n\n<p>Participaron en el evento autoridades federales y locales, como Nathalie Desplas Puel, en representaci\u00f3n de la Secretar\u00eda de Turismo del Gobierno de M\u00e9xico; y Alejandra Fraustro Guerrero, secretaria de Turismo de la Ciudad de M\u00e9xico, adem\u00e1s de presidentes de c\u00e1maras y asociaciones, aerol\u00edneas, navieras, instituciones acad\u00e9micas y agencias especializadas.<\/p>\n","protected":false},"excerpt":{"rendered":"<p>*El secretario de Turismo, Fabricio Mena, represent\u00f3 al estado en un encuentro clave con l\u00edderes del sector tur\u00edstico nacional Tlaxcala reafirm\u00f3 su compromiso con la proyecci\u00f3n tur\u00edstica nacional al participar en la celebraci\u00f3n del D\u00eda del Agente de Viajes, evento convocado por la Federaci\u00f3n Mexicana de Asociaciones Tur\u00edsticas (FEMATUR) y la Asociaci\u00f3n Mexicana de Agencias [&hellip;]<\/p>\n","protected":false},"author":4,"featured_media":97265,"comment_status":"open","ping_status":"open","sticky":false,"template":"","format":"standard","meta":{"om_disable_all_campaigns":false,"_monsterinsights_skip_tracking":false,"_monsterinsights_sitenote_active":false,"_monsterinsights_sitenote_note":"","_monsterinsights_sitenote_category":0,"jnews-multi-image_gallery":[],"jnews_single_post":{"format":"standard"},"jnews_primary_category":[],"footnotes":""},"categories":[1],"tags":[],"class_list":["post-97264","post","type-post","status-publish","format-standard","has-post-thumbnail","hentry","category-uncategorized"],"aioseo_notices":[],"_links":{"self":[{"href":"https:\/\/estado29.mx\/index.php?rest_route=\/wp\/v2\/posts\/97264","targetHints":{"allow":["GET"]}}],"collection":[{"href":"https:\/\/estado29.mx\/index.php?rest_route=\/wp\/v2\/posts"}],"about":[{"href":"https:\/\/estado29.mx\/index.php?rest_route=\/wp\/v2\/types\/post"}],"author":[{"embeddable":true,"href":"https:\/\/estado29.mx\/index.php?rest_route=\/wp\/v2\/users\/4"}],"replies":[{"embeddable":true,"href":"https:\/\/estado29.mx\/index.php?rest_route=%2Fwp%2Fv2%2Fcomments&post=97264"}],"version-history":[{"count":1,"href":"https:\/\/estado29.mx\/index.php?rest_route=\/wp\/v2\/posts\/97264\/revisions"}],"predecessor-version":[{"id":97266,"href":"https:\/\/estado29.mx\/index.php?rest_route=\/wp\/v2\/posts\/97264\/revisions\/97266"}],"wp:featuredmedia":[{"embeddable":true,"href":"https:\/\/estado29.mx\/index.php?rest_route=\/wp\/v2\/media\/97265"}],"wp:attachment":[{"href":"https:\/\/estado29.mx\/index.php?rest_route=%2Fwp%2Fv2%2Fmedia&parent=97264"}],"wp:term":[{"taxonomy":"category","embeddable":true,"href":"https:\/\/estado29.mx\/index.php?rest_route=%2Fwp%2Fv2%2Fcategories&post=97264"},{"taxonomy":"post_tag","embeddable":true,"href":"https:\/\/estado29.mx\/index.php?rest_route=%2Fwp%2Fv2%2Ftags&post=97264"}],"curies":[{"name":"wp","href":"https:\/\/api.w.org\/{rel}","templated":true}]}}