{"id":97277,"date":"2025-07-10T23:42:05","date_gmt":"2025-07-10T23:42:05","guid":{"rendered":"https:\/\/estado29.mx\/?p=97277"},"modified":"2025-08-01T00:10:19","modified_gmt":"2025-08-01T00:10:19","slug":"del-escuadron-de-la-mu3rt3-ubican-a-hombre-sin-vida-en-huamantla","status":"publish","type":"post","link":"https:\/\/estado29.mx\/?p=97277","title":{"rendered":"Del \u201cescuadr\u00f3n de la mu3rt3\u201d ubican a hombre sin vida en Huamantla."},"content":{"rendered":"\n<p>Paco Ugarte.&nbsp;<\/p>\n\n\n\n<p>Durante la tarde de esta tarde se solicit\u00f3 el apoyo a los servicios de emergencia para valorar a un masculino que no respond\u00eda a ning\u00fan tipo de est\u00edmulo al estar recostado en la v\u00eda p\u00fablica frente a una capilla ubicada en el fraccionamiento San Carlos, en el municipio de Huamantla.<\/p>\n\n\n\n<p>Los hechos se registraron sobre la calle San Antonio entre Santa Mar\u00eda y Santa Clara en el fraccionamiento antes mencionado, por lo que al arribar param\u00e9dicos de Protecci\u00f3n Civil brindaron atenci\u00f3n prehospitalar\u00eda, sin embargo, \u00fanicamente se confirm\u00f3 la carencia de signos vitales.&nbsp;<\/p>\n\n\n\n<p>Por esta razones elementos de seguridad procedieron a realizar el acordonamiento de la zona en espera de la Fiscal\u00eda General de Justicia del Estado de Tlaxcala (FGJE) as\u00ed como personal del Instituto de Ciencias Forenses (INCIFO) quienes se encargaron de realizar el levantamiento del cuerpo.<\/p>\n\n\n\n<p>El hombre vest\u00eda una chamarra, sudadera, pantal\u00f3n y zapatos en color negro, adem\u00e1s que vecinos se\u00f1alaron consum\u00eda de manera recurrente bebidas alcoh\u00f3licas por lo que no se descarta haya sido la causante de su deceso, a pesar de ello ser\u00e1n las autoridades quienes se encarguen de realizar la necropsia que marca la ley para conocer los motivos de mu3rt3.<\/p>\n","protected":false},"excerpt":{"rendered":"<p>Paco Ugarte.&nbsp; Durante la tarde de esta tarde se solicit\u00f3 el apoyo a los servicios de emergencia para valorar a un masculino que no respond\u00eda a ning\u00fan tipo de est\u00edmulo al estar recostado en la v\u00eda p\u00fablica frente a una capilla ubicada en el fraccionamiento San Carlos, en el municipio de Huamantla. Los hechos se [&hellip;]<\/p>\n","protected":false},"author":5,"featured_media":97278,"comment_status":"open","ping_status":"open","sticky":false,"template":"","format":"standard","meta":{"om_disable_all_campaigns":false,"_monsterinsights_skip_tracking":false,"_monsterinsights_sitenote_active":false,"_monsterinsights_sitenote_note":"","_monsterinsights_sitenote_category":0,"jnews-multi-image_gallery":[],"jnews_single_post":{"format":"standard"},"jnews_primary_category":[],"footnotes":""},"categories":[1],"tags":[],"class_list":["post-97277","post","type-post","status-publish","format-standard","has-post-thumbnail","hentry","category-uncategorized"],"aioseo_notices":[],"_links":{"self":[{"href":"https:\/\/estado29.mx\/index.php?rest_route=\/wp\/v2\/posts\/97277","targetHints":{"allow":["GET"]}}],"collection":[{"href":"https:\/\/estado29.mx\/index.php?rest_route=\/wp\/v2\/posts"}],"about":[{"href":"https:\/\/estado29.mx\/index.php?rest_route=\/wp\/v2\/types\/post"}],"author":[{"embeddable":true,"href":"https:\/\/estado29.mx\/index.php?rest_route=\/wp\/v2\/users\/5"}],"replies":[{"embeddable":true,"href":"https:\/\/estado29.mx\/index.php?rest_route=%2Fwp%2Fv2%2Fcomments&post=97277"}],"version-history":[{"count":1,"href":"https:\/\/estado29.mx\/index.php?rest_route=\/wp\/v2\/posts\/97277\/revisions"}],"predecessor-version":[{"id":97279,"href":"https:\/\/estado29.mx\/index.php?rest_route=\/wp\/v2\/posts\/97277\/revisions\/97279"}],"wp:featuredmedia":[{"embeddable":true,"href":"https:\/\/estado29.mx\/index.php?rest_route=\/wp\/v2\/media\/97278"}],"wp:attachment":[{"href":"https:\/\/estado29.mx\/index.php?rest_route=%2Fwp%2Fv2%2Fmedia&parent=97277"}],"wp:term":[{"taxonomy":"category","embeddable":true,"href":"https:\/\/estado29.mx\/index.php?rest_route=%2Fwp%2Fv2%2Fcategories&post=97277"},{"taxonomy":"post_tag","embeddable":true,"href":"https:\/\/estado29.mx\/index.php?rest_route=%2Fwp%2Fv2%2Ftags&post=97277"}],"curies":[{"name":"wp","href":"https:\/\/api.w.org\/{rel}","templated":true}]}}