{"id":97292,"date":"2025-07-11T13:30:54","date_gmt":"2025-07-11T13:30:54","guid":{"rendered":"https:\/\/estado29.mx\/?p=97292"},"modified":"2025-08-01T00:14:04","modified_gmt":"2025-08-01T00:14:04","slug":"invita-secretaria-de-bienestar-a-personas-con-discapacidad-motriz-al-taller-de-muralizacion-para-tu-bienestar","status":"publish","type":"post","link":"https:\/\/estado29.mx\/?p=97292","title":{"rendered":"Invita secretar\u00eda de bienestar a personas con discapacidad motriz al \u201ctaller de muralizaci\u00f3n para tu bienestar\u201d"},"content":{"rendered":"\n<p><\/p>\n\n\n\n<p>*La actividad gratuita busca fomentar la creatividad, convivencia y salud mental de este sector de la poblaci\u00f3n utilizando el arte como camino para la inclusi\u00f3n<\/p>\n\n\n\n<p>La Secretar\u00eda de Bienestar Tlaxcala, en coordinaci\u00f3n con autoridades municipales, lanz\u00f3 la convocatoria al \u201cTaller de Muralizaci\u00f3n para tu Bienestar\u201d, impartido por Isabel Molina Garcilazo y dirigido a personas con discapacidad motriz de entre 20 y 50 a\u00f1os.<\/p>\n\n\n\n<p>Con el objetivo de promover el arte como una herramienta de inclusi\u00f3n y bienestar, el taller gratuito se realizar\u00e1 del 21 de julio al 3 de septiembre, en el Parque Inclusivo de San Pablo del Monte, espacios que impulsa la dependencia para garantizar el acceso universal y la participaci\u00f3n de este sector de la poblaci\u00f3n.<\/p>\n\n\n\n<p>La titular de la Secretar\u00eda de Bienestar, Mar\u00eda Estela \u00c1lvarez Corona, destac\u00f3 que esta actividad forma parte de una pol\u00edtica de inclusi\u00f3n centrada en el desarrollo humano a trav\u00e9s de experiencias significativas.<\/p>\n\n\n\n<p>\u201cQueremos generar espacios de expresi\u00f3n para las personas con discapacidad motriz. Este taller es una oportunidad para que compartan su voz a trav\u00e9s del arte, construyan comunidad y fortalezcan su bienestar emocional en un entorno accesible y seguro\u201d, se\u00f1al\u00f3.<\/p>\n\n\n\n<p>El taller se desarrollar\u00e1 de lunes a mi\u00e9rcoles, de 11:00 a 14:00 horas. Las personas interesadas pueden registrarse antes del 17 de julio directamente en la presidencia municipal de San Pablo del Monte o solicitar m\u00e1s informaci\u00f3n al tel\u00e9fono 241 113 19 76.<\/p>\n\n\n\n<p>El \u201cTaller de Muralizaci\u00f3n para tu Bienestar\u201d impulsar\u00e1 la creaci\u00f3n colectiva de un mural y ser\u00e1 un punto de encuentro para el reconocimiento de talentos, la interacci\u00f3n social y la apropiaci\u00f3n del espacio p\u00fablico desde una perspectiva inclusiva.<\/p>\n","protected":false},"excerpt":{"rendered":"<p>*La actividad gratuita busca fomentar la creatividad, convivencia y salud mental de este sector de la poblaci\u00f3n utilizando el arte como camino para la inclusi\u00f3n La Secretar\u00eda de Bienestar Tlaxcala, en coordinaci\u00f3n con autoridades municipales, lanz\u00f3 la convocatoria al \u201cTaller de Muralizaci\u00f3n para tu Bienestar\u201d, impartido por Isabel Molina Garcilazo y dirigido a personas con [&hellip;]<\/p>\n","protected":false},"author":4,"featured_media":97293,"comment_status":"open","ping_status":"open","sticky":false,"template":"","format":"standard","meta":{"om_disable_all_campaigns":false,"_monsterinsights_skip_tracking":false,"_monsterinsights_sitenote_active":false,"_monsterinsights_sitenote_note":"","_monsterinsights_sitenote_category":0,"jnews-multi-image_gallery":[],"jnews_single_post":{"format":"standard"},"jnews_primary_category":[],"footnotes":""},"categories":[1],"tags":[],"class_list":["post-97292","post","type-post","status-publish","format-standard","has-post-thumbnail","hentry","category-uncategorized"],"aioseo_notices":[],"_links":{"self":[{"href":"https:\/\/estado29.mx\/index.php?rest_route=\/wp\/v2\/posts\/97292","targetHints":{"allow":["GET"]}}],"collection":[{"href":"https:\/\/estado29.mx\/index.php?rest_route=\/wp\/v2\/posts"}],"about":[{"href":"https:\/\/estado29.mx\/index.php?rest_route=\/wp\/v2\/types\/post"}],"author":[{"embeddable":true,"href":"https:\/\/estado29.mx\/index.php?rest_route=\/wp\/v2\/users\/4"}],"replies":[{"embeddable":true,"href":"https:\/\/estado29.mx\/index.php?rest_route=%2Fwp%2Fv2%2Fcomments&post=97292"}],"version-history":[{"count":1,"href":"https:\/\/estado29.mx\/index.php?rest_route=\/wp\/v2\/posts\/97292\/revisions"}],"predecessor-version":[{"id":97294,"href":"https:\/\/estado29.mx\/index.php?rest_route=\/wp\/v2\/posts\/97292\/revisions\/97294"}],"wp:featuredmedia":[{"embeddable":true,"href":"https:\/\/estado29.mx\/index.php?rest_route=\/wp\/v2\/media\/97293"}],"wp:attachment":[{"href":"https:\/\/estado29.mx\/index.php?rest_route=%2Fwp%2Fv2%2Fmedia&parent=97292"}],"wp:term":[{"taxonomy":"category","embeddable":true,"href":"https:\/\/estado29.mx\/index.php?rest_route=%2Fwp%2Fv2%2Fcategories&post=97292"},{"taxonomy":"post_tag","embeddable":true,"href":"https:\/\/estado29.mx\/index.php?rest_route=%2Fwp%2Fv2%2Ftags&post=97292"}],"curies":[{"name":"wp","href":"https:\/\/api.w.org\/{rel}","templated":true}]}}