{"id":97309,"date":"2025-07-11T15:36:25","date_gmt":"2025-07-11T15:36:25","guid":{"rendered":"https:\/\/estado29.mx\/?p=97309"},"modified":"2025-08-01T00:13:42","modified_gmt":"2025-08-01T00:13:42","slug":"se-manifiestan-padres-de-familia-en-colonia-el-valle-en-huamantla","status":"publish","type":"post","link":"https:\/\/estado29.mx\/?p=97309","title":{"rendered":"Se manifiestan padres de familia en Colonia El Valle en Huamantla."},"content":{"rendered":"\n<p>Padres de familia de la escuela primaria H\u00e9roes de Chapultepec, ubicada en la Colonia de El Valle, municipio de Huamantla, se manifestaron a las afueras de la instituci\u00f3n.<\/p>\n\n\n\n<p>Ah\u00ed, mostraron su inconformidad en contra de un docente de tercero y cuarto grado de primaria, quien habr\u00eda mostrado algunas actitudes poco \u00e9ticas para su profesi\u00f3n y para sus alumnos.<\/p>\n\n\n\n<p>A decir de los padres de familia, \u201cel docente, imparte las clases en condiciones poco agradables, bajo los influjos, era grosero con los ni\u00f1os y eso generaba un ambiente poco cordial y que lejos de aprender nuestros hijos ya no quieren venir a la escuela\u2026\u201d se\u00f1alaron.<\/p>\n\n\n\n<p>Por esta raz\u00f3n a la instituci\u00f3n llegaron autoridades de la Secretar\u00eda de Educaci\u00f3n P\u00fablica quienes entablaron di\u00e1logo con los padres de familia, comprometi\u00e9ndose a realizar el cambio de docente.<\/p>\n\n\n\n<p>A pesar de ello, los padres de familia, dijeron estar\u00e1n pendiente de que el nuevo ciclo escolar sea con otro maestro, pues de los contrario tomar\u00e1n cartas en el asunto, con la finalidad de garantizar el bienestar de sus hijos y el resto de los alumnos.&nbsp;<\/p>\n","protected":false},"excerpt":{"rendered":"<p>Padres de familia de la escuela primaria H\u00e9roes de Chapultepec, ubicada en la Colonia de El Valle, municipio de Huamantla, se manifestaron a las afueras de la instituci\u00f3n. Ah\u00ed, mostraron su inconformidad en contra de un docente de tercero y cuarto grado de primaria, quien habr\u00eda mostrado algunas actitudes poco \u00e9ticas para su profesi\u00f3n y [&hellip;]<\/p>\n","protected":false},"author":5,"featured_media":97310,"comment_status":"open","ping_status":"open","sticky":false,"template":"","format":"standard","meta":{"om_disable_all_campaigns":false,"_monsterinsights_skip_tracking":false,"_monsterinsights_sitenote_active":false,"_monsterinsights_sitenote_note":"","_monsterinsights_sitenote_category":0,"jnews-multi-image_gallery":[],"jnews_single_post":{"format":"standard"},"jnews_primary_category":[],"footnotes":""},"categories":[1],"tags":[],"class_list":["post-97309","post","type-post","status-publish","format-standard","has-post-thumbnail","hentry","category-uncategorized"],"aioseo_notices":[],"_links":{"self":[{"href":"https:\/\/estado29.mx\/index.php?rest_route=\/wp\/v2\/posts\/97309","targetHints":{"allow":["GET"]}}],"collection":[{"href":"https:\/\/estado29.mx\/index.php?rest_route=\/wp\/v2\/posts"}],"about":[{"href":"https:\/\/estado29.mx\/index.php?rest_route=\/wp\/v2\/types\/post"}],"author":[{"embeddable":true,"href":"https:\/\/estado29.mx\/index.php?rest_route=\/wp\/v2\/users\/5"}],"replies":[{"embeddable":true,"href":"https:\/\/estado29.mx\/index.php?rest_route=%2Fwp%2Fv2%2Fcomments&post=97309"}],"version-history":[{"count":1,"href":"https:\/\/estado29.mx\/index.php?rest_route=\/wp\/v2\/posts\/97309\/revisions"}],"predecessor-version":[{"id":97311,"href":"https:\/\/estado29.mx\/index.php?rest_route=\/wp\/v2\/posts\/97309\/revisions\/97311"}],"wp:featuredmedia":[{"embeddable":true,"href":"https:\/\/estado29.mx\/index.php?rest_route=\/wp\/v2\/media\/97310"}],"wp:attachment":[{"href":"https:\/\/estado29.mx\/index.php?rest_route=%2Fwp%2Fv2%2Fmedia&parent=97309"}],"wp:term":[{"taxonomy":"category","embeddable":true,"href":"https:\/\/estado29.mx\/index.php?rest_route=%2Fwp%2Fv2%2Fcategories&post=97309"},{"taxonomy":"post_tag","embeddable":true,"href":"https:\/\/estado29.mx\/index.php?rest_route=%2Fwp%2Fv2%2Ftags&post=97309"}],"curies":[{"name":"wp","href":"https:\/\/api.w.org\/{rel}","templated":true}]}}