{"id":97338,"date":"2025-07-14T16:35:22","date_gmt":"2025-07-14T16:35:22","guid":{"rendered":"https:\/\/estado29.mx\/?p=97338"},"modified":"2025-08-01T00:19:53","modified_gmt":"2025-08-01T00:19:53","slug":"ayuntamiento-de-tlaxcala-fortalece-la-vida-cultural-con-exitoso-domingo-artistico","status":"publish","type":"post","link":"https:\/\/estado29.mx\/?p=97338","title":{"rendered":"AYUNTAMIENTO DE TLAXCALA FORTALECE LA VIDA CULTURAL CON EXITOSO DOMINGO ART\u00cdSTICO"},"content":{"rendered":"<figure class=\"wp-block-post-featured-image\"><img loading=\"lazy\" decoding=\"async\" width=\"1063\" height=\"710\" src=\"https:\/\/estado29.mx\/wp-content\/uploads\/2025\/07\/WhatsApp-Image-2025-07-14-at-8.36.32-AM.jpeg\" class=\"attachment-post-thumbnail size-post-thumbnail wp-post-image\" alt=\"\" style=\"object-fit:cover;\" srcset=\"https:\/\/estado29.mx\/wp-content\/uploads\/2025\/07\/WhatsApp-Image-2025-07-14-at-8.36.32-AM.jpeg 1063w, https:\/\/estado29.mx\/wp-content\/uploads\/2025\/07\/WhatsApp-Image-2025-07-14-at-8.36.32-AM-300x200.jpeg 300w, https:\/\/estado29.mx\/wp-content\/uploads\/2025\/07\/WhatsApp-Image-2025-07-14-at-8.36.32-AM-1024x684.jpeg 1024w, https:\/\/estado29.mx\/wp-content\/uploads\/2025\/07\/WhatsApp-Image-2025-07-14-at-8.36.32-AM-768x513.jpeg 768w, https:\/\/estado29.mx\/wp-content\/uploads\/2025\/07\/WhatsApp-Image-2025-07-14-at-8.36.32-AM-750x501.jpeg 750w\" sizes=\"auto, (max-width: 1063px) 100vw, 1063px\" \/><\/figure>\n\n\n<p>A partir de hoy, cada domingo las familias capitalinas disfrutar\u00e1n de la presentaci\u00f3n de grupos art\u00edsticos y culturales en el Centro Hist\u00f3rico<\/p>\n\n\n\n<p>En un ambiente de alegr\u00eda y sana convivencia, el Ayuntamiento de Tlaxcala, que encabeza el presidente municipal Alfonso S\u00e1nchez Garc\u00eda, llev\u00f3 a cabo con gran \u00e9xito una jornada de Domingo Cultural y Art\u00edstico en la Plaza de la Constituci\u00f3n, que a partir de este d\u00eda consolidar\u00e1 a este espacio como punto de encuentro para las familias capitalinas.<\/p>\n\n\n\n<p>Durante la jornada, el escenario fue engalanado con la presentaci\u00f3n del Grupo Experimental Proyecci\u00f3n Juvenil, que ofreci\u00f3 un programa lleno de talento con su grupo de danza y rondalla, los cuales deleitaron al p\u00fablico con piezas tradicionales, ritmos latinos y coreograf\u00edas folcl\u00f3ricas que despertaron aplausos y emoci\u00f3n entre las y los asistentes.<\/p>\n\n\n\n<p>Tambi\u00e9n se cont\u00f3 con la participaci\u00f3n del m\u00fasico Alex Guitar, quien aport\u00f3 un toque ac\u00fastico y contempor\u00e1neo al evento, lo que demostr\u00f3 que la cultura en Tlaxcala es diversa y cercana a la gente.<\/p>\n\n\n\n<p>A partir de ahora, el Ayuntamiento de Tlaxcala fortalecer\u00e1 cada domingo la promoci\u00f3n y difusi\u00f3n de las diferentes expresiones art\u00edsticas, principalmente entre las nuevas generaciones, con lo que tambi\u00e9n reforzar\u00e1 el tejido social.<\/p>\n","protected":false},"excerpt":{"rendered":"<p>A partir de hoy, cada domingo las familias capitalinas disfrutar\u00e1n de la presentaci\u00f3n de grupos art\u00edsticos y culturales en el Centro Hist\u00f3rico En un ambiente de alegr\u00eda y sana convivencia, el Ayuntamiento de Tlaxcala, que encabeza el presidente municipal Alfonso S\u00e1nchez Garc\u00eda, llev\u00f3 a cabo con gran \u00e9xito una jornada de Domingo Cultural y Art\u00edstico [&hellip;]<\/p>\n","protected":false},"author":9,"featured_media":97339,"comment_status":"open","ping_status":"open","sticky":false,"template":"","format":"standard","meta":{"om_disable_all_campaigns":false,"_monsterinsights_skip_tracking":false,"_monsterinsights_sitenote_active":false,"_monsterinsights_sitenote_note":"","_monsterinsights_sitenote_category":0,"jnews-multi-image_gallery":[],"jnews_single_post":{"format":"standard"},"jnews_primary_category":[],"footnotes":""},"categories":[1],"tags":[],"class_list":["post-97338","post","type-post","status-publish","format-standard","has-post-thumbnail","hentry","category-uncategorized"],"aioseo_notices":[],"_links":{"self":[{"href":"https:\/\/estado29.mx\/index.php?rest_route=\/wp\/v2\/posts\/97338","targetHints":{"allow":["GET"]}}],"collection":[{"href":"https:\/\/estado29.mx\/index.php?rest_route=\/wp\/v2\/posts"}],"about":[{"href":"https:\/\/estado29.mx\/index.php?rest_route=\/wp\/v2\/types\/post"}],"author":[{"embeddable":true,"href":"https:\/\/estado29.mx\/index.php?rest_route=\/wp\/v2\/users\/9"}],"replies":[{"embeddable":true,"href":"https:\/\/estado29.mx\/index.php?rest_route=%2Fwp%2Fv2%2Fcomments&post=97338"}],"version-history":[{"count":1,"href":"https:\/\/estado29.mx\/index.php?rest_route=\/wp\/v2\/posts\/97338\/revisions"}],"predecessor-version":[{"id":97340,"href":"https:\/\/estado29.mx\/index.php?rest_route=\/wp\/v2\/posts\/97338\/revisions\/97340"}],"wp:featuredmedia":[{"embeddable":true,"href":"https:\/\/estado29.mx\/index.php?rest_route=\/wp\/v2\/media\/97339"}],"wp:attachment":[{"href":"https:\/\/estado29.mx\/index.php?rest_route=%2Fwp%2Fv2%2Fmedia&parent=97338"}],"wp:term":[{"taxonomy":"category","embeddable":true,"href":"https:\/\/estado29.mx\/index.php?rest_route=%2Fwp%2Fv2%2Fcategories&post=97338"},{"taxonomy":"post_tag","embeddable":true,"href":"https:\/\/estado29.mx\/index.php?rest_route=%2Fwp%2Fv2%2Ftags&post=97338"}],"curies":[{"name":"wp","href":"https:\/\/api.w.org\/{rel}","templated":true}]}}