{"id":97342,"date":"2025-07-15T01:27:14","date_gmt":"2025-07-15T01:27:14","guid":{"rendered":"https:\/\/estado29.mx\/?p=97342"},"modified":"2025-08-01T00:31:32","modified_gmt":"2025-08-01T00:31:32","slug":"4pun4l4n-a-hombre-en-la-via-publica-en-huamantla","status":"publish","type":"post","link":"https:\/\/estado29.mx\/?p=97342","title":{"rendered":"4pu\u00f14l4n a hombre en la v\u00eda p\u00fablica en Huamantla."},"content":{"rendered":"\n<p>Paco Ugarte.<\/p>\n\n\n\n<p>Durante la tarde de este lunes 14 de julio, se solicit\u00f3 el apoyo de los servicios de emergencia para brindar atenci\u00f3n a un joven de entre 20 &#8211; 25 a\u00f1os de edad, a decir de testigos oculares que habr\u00eda sufrido la agresi\u00f3n ocasiona por un arma punzo cortante.<\/p>\n\n\n\n<p>En informaci\u00f3n preliminar el masculino se encontraba sobre la calle Morelos entre Narciso Mendoza y Negrete, cuando un sujeto sac\u00f3 de entre sus pertenencias un 4rm4 punzo cortante -cuchillo- para provocar varias heridas en distintas partes del cuerpo.<\/p>\n\n\n\n<p>Al lugar arribaron param\u00e9dicos quienes localizaron al masculino en la banqueta debilitado tras el l\u00edquido hem\u00e1tico que habr\u00eda perdido.<\/p>\n\n\n\n<p>Por esta raz\u00f3n fue valorado y estabilizado para posteriormente ser trasladado al Hospital General IMMS Bienestar de Huamantla, reportando su estado de salud como grave.<\/p>\n\n\n\n<p>Es importante se\u00f1alar que la agredidos pudo haberse tratado de un caso entre particulares, sin embargo, ser\u00e1 la autoridad correspondiente la encargada de dar seguimiento a este caso.<\/p>\n\n\n\n<p>Elementos de seguridad recorrieron la zona a fin de localizar al probable responsable sin obtener resultados positivos; se espera el estado de salud del joven mejore a fin de interponer la denuncia correspondiente en contra de su agresor.<\/p>\n","protected":false},"excerpt":{"rendered":"<p>Paco Ugarte. Durante la tarde de este lunes 14 de julio, se solicit\u00f3 el apoyo de los servicios de emergencia para brindar atenci\u00f3n a un joven de entre 20 &#8211; 25 a\u00f1os de edad, a decir de testigos oculares que habr\u00eda sufrido la agresi\u00f3n ocasiona por un arma punzo cortante. En informaci\u00f3n preliminar el masculino [&hellip;]<\/p>\n","protected":false},"author":5,"featured_media":97343,"comment_status":"open","ping_status":"open","sticky":false,"template":"","format":"standard","meta":{"om_disable_all_campaigns":false,"_monsterinsights_skip_tracking":false,"_monsterinsights_sitenote_active":false,"_monsterinsights_sitenote_note":"","_monsterinsights_sitenote_category":0,"jnews-multi-image_gallery":[],"jnews_single_post":{"format":"standard"},"jnews_primary_category":[],"footnotes":""},"categories":[1],"tags":[],"class_list":["post-97342","post","type-post","status-publish","format-standard","has-post-thumbnail","hentry","category-uncategorized"],"aioseo_notices":[],"_links":{"self":[{"href":"https:\/\/estado29.mx\/index.php?rest_route=\/wp\/v2\/posts\/97342","targetHints":{"allow":["GET"]}}],"collection":[{"href":"https:\/\/estado29.mx\/index.php?rest_route=\/wp\/v2\/posts"}],"about":[{"href":"https:\/\/estado29.mx\/index.php?rest_route=\/wp\/v2\/types\/post"}],"author":[{"embeddable":true,"href":"https:\/\/estado29.mx\/index.php?rest_route=\/wp\/v2\/users\/5"}],"replies":[{"embeddable":true,"href":"https:\/\/estado29.mx\/index.php?rest_route=%2Fwp%2Fv2%2Fcomments&post=97342"}],"version-history":[{"count":1,"href":"https:\/\/estado29.mx\/index.php?rest_route=\/wp\/v2\/posts\/97342\/revisions"}],"predecessor-version":[{"id":97344,"href":"https:\/\/estado29.mx\/index.php?rest_route=\/wp\/v2\/posts\/97342\/revisions\/97344"}],"wp:featuredmedia":[{"embeddable":true,"href":"https:\/\/estado29.mx\/index.php?rest_route=\/wp\/v2\/media\/97343"}],"wp:attachment":[{"href":"https:\/\/estado29.mx\/index.php?rest_route=%2Fwp%2Fv2%2Fmedia&parent=97342"}],"wp:term":[{"taxonomy":"category","embeddable":true,"href":"https:\/\/estado29.mx\/index.php?rest_route=%2Fwp%2Fv2%2Fcategories&post=97342"},{"taxonomy":"post_tag","embeddable":true,"href":"https:\/\/estado29.mx\/index.php?rest_route=%2Fwp%2Fv2%2Ftags&post=97342"}],"curies":[{"name":"wp","href":"https:\/\/api.w.org\/{rel}","templated":true}]}}