{"id":97360,"date":"2025-07-15T13:25:39","date_gmt":"2025-07-15T13:25:39","guid":{"rendered":"https:\/\/estado29.mx\/?p=97360"},"modified":"2025-08-01T00:31:05","modified_gmt":"2025-08-01T00:31:05","slug":"gobernadora-lorena-cuellar-inaugura-primera-guarderia-empresarial-del-pais-en-cix-i-en-tetla","status":"publish","type":"post","link":"https:\/\/estado29.mx\/?p=97360","title":{"rendered":"Gobernadora Lorena Cu\u00e9llar inaugura primera guarder\u00eda empresarial del pa\u00eds en CIX I en Tetla"},"content":{"rendered":"\n<p><\/p>\n\n\n\n<p>\u201cSemillitas del Coraz\u00f3n\u201d es ejemplo nacional de corresponsabilidad social y bienestar infantil que se replicar\u00e1 en otros centros de atenci\u00f3n del IMSS en el pa\u00eds<\/p>\n\n\n\n<p>La gobernadora Lorena Cu\u00e9llar Cisneros encabez\u00f3 la inauguraci\u00f3n de la primera Guarder\u00eda Empresarial del pa\u00eds \u201cSemillitas del Coraz\u00f3n\u201d en Ciudad Industrial Xicoht\u00e9ncatl I (CIX), que opera bajo un modelo de corresponsabilidad entre el gobierno, el sector privado y el Instituto Mexicano del Seguro Social (IMSS) pionero en su tipo a nivel nacional que se replicar\u00e1 en otros estados del pa\u00eds.<\/p>\n\n\n\n<p>\u201c\u00bfC\u00f3mo demostrar como servidores p\u00fablicos el profundo amor que nos llena el coraz\u00f3n todos los d\u00edas? \u00bfC\u00f3mo demostrar que se ama profundamente a este estado y que deseamos que siempre sea referente nacional? La \u00fanica manera de hacerlo es todos juntos, unidos, sintiendo ese gran latido de amor profundo y demostr\u00e1ndolo todos los d\u00edas\u201d, expres\u00f3.<\/p>\n\n\n\n<p>En el municipio de Tetla, la mandataria subray\u00f3 que, con la inauguraci\u00f3n de este espacio, Tlaxcala se posiciona como referente nacional en pol\u00edticas de bienestar laboral y apoyo a la infancia.<\/p>\n\n\n\n<p>Durante su mensaje, la gobernadora afirm\u00f3 que este proyecto responde a una demanda hist\u00f3rica de madres y padres trabajadores del sector industrial tlaxcalteca; y record\u00f3 que desde sus recorridos de campa\u00f1a y en m\u00e1s de 30 a\u00f1os de trabajo pol\u00edtico, escuch\u00f3 de cerca las preocupaciones de las mujeres trabajadoras, especialmente sobre la necesidad de contar con espacios seguros y cercanos a sus centros laborales para el cuidado de sus hijos.<\/p>\n\n\n\n<p>\u201cPara todas esas mam\u00e1s y pap\u00e1s, quienes son los que hacen exitosas a las empresas tlaxcaltecas, este proyecto es para ustedes para que tengan tranquilidad y seguridad sobre el cuidado de sus hijos\u201d, se\u00f1al\u00f3.<\/p>\n\n\n\n<p>De igual manera, agradeci\u00f3 a las siete empresas instaladas en CIX I que se sumaron como aliadas estrat\u00e9gicas, as\u00ed como al IMSS por su respaldo. \u201cTan solo imaginar que este lugar estar\u00e1 lleno de ni\u00f1as y ni\u00f1os, de alegr\u00eda, de amor, de calidez, me hace inmensamente feliz\u201d, afirm\u00f3.<\/p>\n\n\n\n<p>En su intervenci\u00f3n, Mauricio Hern\u00e1ndez \u00c1vila, director de Prestaciones Econ\u00f3micas y Sociales del IMSS, reconoci\u00f3 el papel de Tlaxcala como pionero en el esquema que impulsar\u00e1 el Instituto para reanudar la oferta de atenci\u00f3n en guarder\u00edas en todo el pa\u00eds a trav\u00e9s de 200 Centros de Educaci\u00f3n y Cuidado Infantil (CECI).<\/p>\n\n\n\n<p>\u201cEsta guarder\u00eda representa un verdadero legado para la comunidad. Felicito a la gobernadora Lorena Cu\u00e9llar por su empuje y a todos los aliados por hacer posible este centro\u201d, dijo.<\/p>\n\n\n\n<p>Hern\u00e1ndez \u00c1vila detall\u00f3 que se reactivar\u00e1 el servicio en dos modalidades: la prestaci\u00f3n directa, es decir, centros construidos y operados por el IMSS, y el modelo de colaboraci\u00f3n empresarial, como el que hoy inicia operaciones.<\/p>\n\n\n\n<p>En Tlaxcala, inform\u00f3 el funcionario del IMSS, se tiene previsto construir 14 nuevos centros CECI en municipios como Apizaco, Tlaxcala, Huamantla, Chiautempan, entre otros ya identificados.<\/p>\n\n\n\n<p>A nombre del sector productivo, Francisco Cervantes D\u00edaz, presidente del Consejo Coordinador Empresarial (CCE), se\u00f1al\u00f3 que la mandataria Lorena Cu\u00e9llar pone la muestra con acciones concretas que pueden ser replicadas en distintos estados, bajo el principio de bienestar compartido promovido en el Plan M\u00e9xico por la presidenta de la Rep\u00fablica, Claudia Sheinbaum Pardo.<\/p>\n\n\n\n<p>El secretario de Desarrollo Econ\u00f3mico, Javier Marroqu\u00edn Calder\u00f3n, destac\u00f3 que, despu\u00e9s de m\u00e1s de tres a\u00f1os y medio, el proyecto impulsado por el gobierno de Lorena Cu\u00e9llar Cisneros, \u00fanico en su tipo en el pa\u00eds, es una realidad gracias a la voluntad, coordinaci\u00f3n y trabajo conjunto entre el sector p\u00fablico y privado, con una inversi\u00f3n cercana a los 30 millones de pesos.<\/p>\n\n\n\n<p>En tanto, el representante legal de Grupo Brossemi y administrador de la guarder\u00eda \u201cSemillitas del coraz\u00f3n\u201d, Emilio P\u00e9rez Calder\u00f3n reconoci\u00f3 la visi\u00f3n de la mandataria Cu\u00e9llar Cisneros por impulsar estos proyectos que anteponen el inter\u00e9s superior de la ni\u00f1ez en Tlaxcala; adem\u00e1s, de ofrecer tranquilidad y confianza a madres y padres trabajadores, ya que su operaci\u00f3n estar\u00e1 bajo los lineamientos y est\u00e1ndares del IMSS.<\/p>\n\n\n\n<p>Como parte del evento, la gobernadora Lorena Cu\u00e9llar recorri\u00f3 las distintas \u00e1reas de la guarder\u00eda empresarial \u201cSemillitas del Coraz\u00f3n\u201d y devel\u00f3 la placa conmemorativa alusiva a la inauguraci\u00f3n de este nuevo espacio.<\/p>\n\n\n\n<p>Al evento tambi\u00e9n asistieron la presidenta honor\u00edfica del del Comit\u00e9 Consultivo de Bienestar, Fernanda Espinosa de los Monteros Cu\u00e9llar; la diputada local, Aurora Villeda Temoltzin; la directora general de Operaci\u00f3n de la Secretar\u00eda de Econom\u00eda Federal, Ana Gabriela Gonz\u00e1lez; la directora del Sistema Estatal para el Desarrollo Integral de la Familia (Sedif), Flor de Mar\u00eda L\u00f3pez Hinojosa; el alcalde de Tetla, Giovanni Montiel L\u00f3pez, as\u00ed como empresarios, madres y padres trabajadores, diputados locales funcionarios federales y estatales.<\/p>\n","protected":false},"excerpt":{"rendered":"<p>\u201cSemillitas del Coraz\u00f3n\u201d es ejemplo nacional de corresponsabilidad social y bienestar infantil que se replicar\u00e1 en otros centros de atenci\u00f3n del IMSS en el pa\u00eds La gobernadora Lorena Cu\u00e9llar Cisneros encabez\u00f3 la inauguraci\u00f3n de la primera Guarder\u00eda Empresarial del pa\u00eds \u201cSemillitas del Coraz\u00f3n\u201d en Ciudad Industrial Xicoht\u00e9ncatl I (CIX), que opera bajo un modelo de [&hellip;]<\/p>\n","protected":false},"author":4,"featured_media":97361,"comment_status":"open","ping_status":"open","sticky":false,"template":"","format":"standard","meta":{"om_disable_all_campaigns":false,"_monsterinsights_skip_tracking":false,"_monsterinsights_sitenote_active":false,"_monsterinsights_sitenote_note":"","_monsterinsights_sitenote_category":0,"jnews-multi-image_gallery":[],"jnews_single_post":{"format":"standard"},"jnews_primary_category":[],"footnotes":""},"categories":[1],"tags":[],"class_list":["post-97360","post","type-post","status-publish","format-standard","has-post-thumbnail","hentry","category-uncategorized"],"aioseo_notices":[],"_links":{"self":[{"href":"https:\/\/estado29.mx\/index.php?rest_route=\/wp\/v2\/posts\/97360","targetHints":{"allow":["GET"]}}],"collection":[{"href":"https:\/\/estado29.mx\/index.php?rest_route=\/wp\/v2\/posts"}],"about":[{"href":"https:\/\/estado29.mx\/index.php?rest_route=\/wp\/v2\/types\/post"}],"author":[{"embeddable":true,"href":"https:\/\/estado29.mx\/index.php?rest_route=\/wp\/v2\/users\/4"}],"replies":[{"embeddable":true,"href":"https:\/\/estado29.mx\/index.php?rest_route=%2Fwp%2Fv2%2Fcomments&post=97360"}],"version-history":[{"count":1,"href":"https:\/\/estado29.mx\/index.php?rest_route=\/wp\/v2\/posts\/97360\/revisions"}],"predecessor-version":[{"id":97362,"href":"https:\/\/estado29.mx\/index.php?rest_route=\/wp\/v2\/posts\/97360\/revisions\/97362"}],"wp:featuredmedia":[{"embeddable":true,"href":"https:\/\/estado29.mx\/index.php?rest_route=\/wp\/v2\/media\/97361"}],"wp:attachment":[{"href":"https:\/\/estado29.mx\/index.php?rest_route=%2Fwp%2Fv2%2Fmedia&parent=97360"}],"wp:term":[{"taxonomy":"category","embeddable":true,"href":"https:\/\/estado29.mx\/index.php?rest_route=%2Fwp%2Fv2%2Fcategories&post=97360"},{"taxonomy":"post_tag","embeddable":true,"href":"https:\/\/estado29.mx\/index.php?rest_route=%2Fwp%2Fv2%2Ftags&post=97360"}],"curies":[{"name":"wp","href":"https:\/\/api.w.org\/{rel}","templated":true}]}}