{"id":97363,"date":"2025-07-15T13:33:02","date_gmt":"2025-07-15T13:33:02","guid":{"rendered":"https:\/\/estado29.mx\/?p=97363"},"modified":"2025-08-01T00:30:59","modified_gmt":"2025-08-01T00:30:59","slug":"ningun-acto-dentro-del-sistema-educativo-debe-vulnerar-la-dignidad-de-la-ninez","status":"publish","type":"post","link":"https:\/\/estado29.mx\/?p=97363","title":{"rendered":"Ning\u00fan acto dentro del sistema educativo debe vulnerar la dignidad de la ni\u00f1ez"},"content":{"rendered":"\n<p><\/p>\n\n\n\n<p>*El secretario de Educaci\u00f3n, Homero Meneses, destac\u00f3 que debe privilegiarse la legalidad y el respeto de los derechos humanos de menores<\/p>\n\n\n\n<p>El titular de la Secretar\u00eda de Educaci\u00f3n P\u00fablica del Estado y de la Unidad de Servicios Educativos del Estado de Tlaxcala (SEPE-USET), Homero Meneses Hern\u00e1ndez, destac\u00f3 que ante los hechos recientemente sucedidos en Zacatelco, donde una autoridad comunitaria particip\u00f3 como madrina de generaci\u00f3n de una secundaria p\u00fablica y su actuar durante un evento con estudiantes menores de edad ha sido cuestionado, debe privilegiarse la legalidad, respeto a los derechos humanos y al inter\u00e9s superior de ni\u00f1as, ni\u00f1os y adolescentes.<\/p>\n\n\n\n<p>Refiri\u00f3 que es un asunto que ya est\u00e1 en la competencia de la Fiscal\u00eda General de Justicia del Estado (FGJE) y de la Comisi\u00f3n Estatal de Derechos Humanos (CEDH) y confi\u00f3 en que las investigaciones se realicen con prontitud y responsabilidad.<\/p>\n\n\n\n<p>Meneses Hern\u00e1ndez reiter\u00f3 que, aunque los hechos no sucedieron al interior de la escuela, ning\u00fan acto dentro del sistema educativo debe vulnerar la dignidad de la ni\u00f1ez ni normalizar pr\u00e1cticas que puedan comprometer su desarrollo emocional.<\/p>\n\n\n\n<p>\u201cNo se trata de prejuicios ni de persecuciones, sino de principios. Las escuelas deben ser espacios seguros, formativos y libres de violencia, sin excepci\u00f3n\u201d, se\u00f1al\u00f3.<\/p>\n\n\n\n<p>Adem\u00e1s, convoc\u00f3 a que la clausura escolar programada para este martes 15 de julio se realice en un ambiente de paz y armon\u00eda, pensando siempre en el bienestar de las y los estudiantes y evitando cualquier confrontaci\u00f3n, \u201ca nuestras maestras y maestros, a madres y padres de familia, les pedimos actuar con serenidad, compromiso \u00e9tico y claridad pedag\u00f3gica\u201d.<\/p>\n","protected":false},"excerpt":{"rendered":"<p>*El secretario de Educaci\u00f3n, Homero Meneses, destac\u00f3 que debe privilegiarse la legalidad y el respeto de los derechos humanos de menores El titular de la Secretar\u00eda de Educaci\u00f3n P\u00fablica del Estado y de la Unidad de Servicios Educativos del Estado de Tlaxcala (SEPE-USET), Homero Meneses Hern\u00e1ndez, destac\u00f3 que ante los hechos recientemente sucedidos en Zacatelco, [&hellip;]<\/p>\n","protected":false},"author":4,"featured_media":97364,"comment_status":"open","ping_status":"open","sticky":false,"template":"","format":"standard","meta":{"om_disable_all_campaigns":false,"_monsterinsights_skip_tracking":false,"_monsterinsights_sitenote_active":false,"_monsterinsights_sitenote_note":"","_monsterinsights_sitenote_category":0,"jnews-multi-image_gallery":[],"jnews_single_post":{"format":"standard"},"jnews_primary_category":[],"footnotes":""},"categories":[1],"tags":[],"class_list":["post-97363","post","type-post","status-publish","format-standard","has-post-thumbnail","hentry","category-uncategorized"],"aioseo_notices":[],"_links":{"self":[{"href":"https:\/\/estado29.mx\/index.php?rest_route=\/wp\/v2\/posts\/97363","targetHints":{"allow":["GET"]}}],"collection":[{"href":"https:\/\/estado29.mx\/index.php?rest_route=\/wp\/v2\/posts"}],"about":[{"href":"https:\/\/estado29.mx\/index.php?rest_route=\/wp\/v2\/types\/post"}],"author":[{"embeddable":true,"href":"https:\/\/estado29.mx\/index.php?rest_route=\/wp\/v2\/users\/4"}],"replies":[{"embeddable":true,"href":"https:\/\/estado29.mx\/index.php?rest_route=%2Fwp%2Fv2%2Fcomments&post=97363"}],"version-history":[{"count":1,"href":"https:\/\/estado29.mx\/index.php?rest_route=\/wp\/v2\/posts\/97363\/revisions"}],"predecessor-version":[{"id":97365,"href":"https:\/\/estado29.mx\/index.php?rest_route=\/wp\/v2\/posts\/97363\/revisions\/97365"}],"wp:featuredmedia":[{"embeddable":true,"href":"https:\/\/estado29.mx\/index.php?rest_route=\/wp\/v2\/media\/97364"}],"wp:attachment":[{"href":"https:\/\/estado29.mx\/index.php?rest_route=%2Fwp%2Fv2%2Fmedia&parent=97363"}],"wp:term":[{"taxonomy":"category","embeddable":true,"href":"https:\/\/estado29.mx\/index.php?rest_route=%2Fwp%2Fv2%2Fcategories&post=97363"},{"taxonomy":"post_tag","embeddable":true,"href":"https:\/\/estado29.mx\/index.php?rest_route=%2Fwp%2Fv2%2Ftags&post=97363"}],"curies":[{"name":"wp","href":"https:\/\/api.w.org\/{rel}","templated":true}]}}