{"id":97366,"date":"2025-07-15T13:35:46","date_gmt":"2025-07-15T13:35:46","guid":{"rendered":"https:\/\/estado29.mx\/?p=97366"},"modified":"2025-08-01T00:30:54","modified_gmt":"2025-08-01T00:30:54","slug":"modelo-de-guarderia-empresarial-de-tlaxcala-sera-replicado-en-todo-el-pais-imss","status":"publish","type":"post","link":"https:\/\/estado29.mx\/?p=97366","title":{"rendered":"Modelo de guarder\u00eda empresarial de Tlaxcala ser\u00e1 replicado en todo el pa\u00eds: IMSS"},"content":{"rendered":"\n<p><\/p>\n\n\n\n<p>*El Instituto destac\u00f3 la atenci\u00f3n integral basada en el bienestar y seguridad de ni\u00f1as y ni\u00f1os con la que opera este nuevo espacio, \u00fanico en su tipo en el pa\u00eds y que servir\u00e1 de referencia para los 200 centros que se construir\u00e1n en otros estados&nbsp;<\/p>\n\n\n\n<p>Durante la inauguraci\u00f3n de la primera guarder\u00eda empresarial del pa\u00eds, \u201cSemillitas del Coraz\u00f3n\u201d en la Ciudad Industrial Xicoht\u00e9ncatl I de Tlaxcala, el Instituto Mexicano del Seguro Social (IMSS) destac\u00f3 el modelo integral basado en el bienestar y seguridad de la infancia con la que opera este nuevo espacio \u00fanico en su tipo en el pa\u00eds.&nbsp;&nbsp;&nbsp;&nbsp;<\/p>\n\n\n\n<p>La guarder\u00eda empresarial cuenta con c\u00e1maras de videovigilancia distribuidas estrat\u00e9gicamente para eliminar puntos ciegos, puertas con botones de p\u00e1nico enlazados a cuerpos de emergencia y un sistema de identificaci\u00f3n biom\u00e9trica, que incluye huella digital y reconocimiento facial, lo que brinda certeza y tranquilidad a las familias trabajadoras sobre el cuidado de sus hijas e hijos.<\/p>\n\n\n\n<p>Para garantizar la atenci\u00f3n en este espacio, el IMSS sign\u00f3 un convenio de colaboraci\u00f3n con siete empresas instaladas en CIX I: Grupo Brossemi, Fabricaciones Especializadas de Tlaxcala, Global Flock de M\u00e9xico, Morphoplast, Industrias Novaceramic, OCV M\u00e9xico y Sponge Technology Corporation.<\/p>\n\n\n\n<p>El director de Prestaciones Econ\u00f3micas y Sociales del IMSS, Mauricio Hern\u00e1ndez \u00c1vila, anunci\u00f3 que se crear\u00e1n 200 nuevos centros de Educaci\u00f3n y Cuidado Infantil (CECI) que operar\u00e1n bajo el modelo que se impuls\u00f3 en Tlaxcala, y que prioriza la participaci\u00f3n del sector privado en el financiamiento del programa y la colaboraci\u00f3n de los gobiernos estatales.<\/p>\n\n\n\n<p>Detall\u00f3 que despu\u00e9s de casi 20 a\u00f1os, por instrucciones de la presidenta Claudia Sheinbaum Pardo, el Instituto reanudar\u00e1 la oferta de este servicio tomando en cuenta el modelo de operaci\u00f3n de la guarder\u00eda empresarial de Tlaxcala.<\/p>\n\n\n\n<p>\u201cAunque no lo crean, las guarder\u00edas operadas directamente por el Instituto son las menos numerosas. Con el modelo empresarial abriremos 200 nuevos centros; Tlaxcala se adelant\u00f3, como siempre, con la gobernadora Lorena Cu\u00e9llar a la cabeza, y replicaremos esta forma de trabajo en otros estados empezando en Ciudad Ju\u00e1rez\u201d, afirm\u00f3.<\/p>\n\n\n\n<p>Expuso que, en Tlaxcala se tiene previsto construir 14 nuevos centros CECI y ya se ha identificado a municipios como Apizaco, Tlaxcala, Huamantla y Chiautempan para iniciar la estrategia.<\/p>\n\n\n\n<p>Hern\u00e1ndez \u00c1vila explic\u00f3 que el modelo de los CECI, se trata de una nueva filosof\u00eda centrada en el bienestar integral de la infancia, bajo los ejes clave de seguridad, alimentaci\u00f3n y desarrollo infantil.<\/p>\n\n\n\n<p>\u201cCada semana servimos m\u00e1s de un mill\u00f3n de raciones en todo el pa\u00eds, todas con productos naturales, sin az\u00facares a\u00f1adidos y con aceite de oliva por sus propiedades. Esto ha tenido beneficios evidentes: las ni\u00f1as y ni\u00f1os que asisten a las guarder\u00edas del IMSS presentan la menor tasa de sobrepeso a nivel nacional\u201d, indic\u00f3.<\/p>\n\n\n\n<p>En este sentido, el modelo de operaci\u00f3n de la guarder\u00eda empresarial \u201cSemillitas del Coraz\u00f3n\u201d cumple con estos lineamientos, con el objetivo de garantizar la correcta atenci\u00f3n de los infantes la guarder\u00eda empresarial contempla espacios espec\u00edficos para cada etapa de desarrollo de los ni\u00f1os, 10 salones destinados a lactantes, maternales, salas de usos m\u00faltiples, \u00e1rea de esf\u00ednteres y sanitarios.<\/p>\n\n\n\n<p>El inmueble cuenta con una superficie de mil 500 metros cuadrados de construcci\u00f3n, una capacidad para 252 menores, de 43 d\u00edas de nacido a 4 a\u00f1os. El servicio contempla una jornada m\u00ednima de 10 horas diarias, alineado a las necesidades de padres y madres trabajadoras del sector industrial. La operaci\u00f3n de la guarder\u00eda generar\u00e1 48 empleos directos permanentes, as\u00ed como 160 empleos temporales durante su fase de construcci\u00f3n.<\/p>\n\n\n\n<p>Entre los principales beneficios que generar\u00e1 este espacio en la relaci\u00f3n obrero-patronal est\u00e1n el fortalecimiento del sentido de pertenencia de las y los trabajadores, la mejora del desempe\u00f1o y compromiso laboral, as\u00ed como la prevenci\u00f3n de riesgos psicosociales en el entorno laboral y la mejora del control sobre el ausentismo.<\/p>\n\n\n\n<p>En materia de impacto social, se favorece la inclusi\u00f3n de ni\u00f1as y ni\u00f1os en espacios de cuidados integrales y estimulaci\u00f3n temprana, adem\u00e1s de fortalecer el desarrollo familiar, sin generar un gasto adicional para los hogares.<\/p>\n\n\n\n<p>De esta manera, Tlaxcala se consolida como referente nacional en atenci\u00f3n infantil con un modelo integral que prioriza la seguridad y desarrollo de hijas e hijos de madres y padres trabajadores.<\/p>\n","protected":false},"excerpt":{"rendered":"<p>*El Instituto destac\u00f3 la atenci\u00f3n integral basada en el bienestar y seguridad de ni\u00f1as y ni\u00f1os con la que opera este nuevo espacio, \u00fanico en su tipo en el pa\u00eds y que servir\u00e1 de referencia para los 200 centros que se construir\u00e1n en otros estados&nbsp; Durante la inauguraci\u00f3n de la primera guarder\u00eda empresarial del pa\u00eds, [&hellip;]<\/p>\n","protected":false},"author":4,"featured_media":97367,"comment_status":"open","ping_status":"open","sticky":false,"template":"","format":"standard","meta":{"om_disable_all_campaigns":false,"_monsterinsights_skip_tracking":false,"_monsterinsights_sitenote_active":false,"_monsterinsights_sitenote_note":"","_monsterinsights_sitenote_category":0,"jnews-multi-image_gallery":[],"jnews_single_post":{"format":"standard"},"jnews_primary_category":[],"footnotes":""},"categories":[1],"tags":[],"class_list":["post-97366","post","type-post","status-publish","format-standard","has-post-thumbnail","hentry","category-uncategorized"],"aioseo_notices":[],"_links":{"self":[{"href":"https:\/\/estado29.mx\/index.php?rest_route=\/wp\/v2\/posts\/97366","targetHints":{"allow":["GET"]}}],"collection":[{"href":"https:\/\/estado29.mx\/index.php?rest_route=\/wp\/v2\/posts"}],"about":[{"href":"https:\/\/estado29.mx\/index.php?rest_route=\/wp\/v2\/types\/post"}],"author":[{"embeddable":true,"href":"https:\/\/estado29.mx\/index.php?rest_route=\/wp\/v2\/users\/4"}],"replies":[{"embeddable":true,"href":"https:\/\/estado29.mx\/index.php?rest_route=%2Fwp%2Fv2%2Fcomments&post=97366"}],"version-history":[{"count":1,"href":"https:\/\/estado29.mx\/index.php?rest_route=\/wp\/v2\/posts\/97366\/revisions"}],"predecessor-version":[{"id":97368,"href":"https:\/\/estado29.mx\/index.php?rest_route=\/wp\/v2\/posts\/97366\/revisions\/97368"}],"wp:featuredmedia":[{"embeddable":true,"href":"https:\/\/estado29.mx\/index.php?rest_route=\/wp\/v2\/media\/97367"}],"wp:attachment":[{"href":"https:\/\/estado29.mx\/index.php?rest_route=%2Fwp%2Fv2%2Fmedia&parent=97366"}],"wp:term":[{"taxonomy":"category","embeddable":true,"href":"https:\/\/estado29.mx\/index.php?rest_route=%2Fwp%2Fv2%2Fcategories&post=97366"},{"taxonomy":"post_tag","embeddable":true,"href":"https:\/\/estado29.mx\/index.php?rest_route=%2Fwp%2Fv2%2Ftags&post=97366"}],"curies":[{"name":"wp","href":"https:\/\/api.w.org\/{rel}","templated":true}]}}