{"id":97369,"date":"2025-07-15T13:37:55","date_gmt":"2025-07-15T13:37:55","guid":{"rendered":"https:\/\/estado29.mx\/?p=97369"},"modified":"2025-08-01T00:30:47","modified_gmt":"2025-08-01T00:30:47","slug":"reconoce-grupo-brossemi-respaldo-de-la-gobernadora-para-apertura-de-guarderia-empresarial","status":"publish","type":"post","link":"https:\/\/estado29.mx\/?p=97369","title":{"rendered":"Reconoce grupo BROSSEMI respaldo de la gobernadora para apertura de guarder\u00eda empresarial"},"content":{"rendered":"\n<p><\/p>\n\n\n\n<p>*El representante legal, Emilio P\u00e9rez Calder\u00f3n, anunci\u00f3 que el centro iniciar\u00e1 operaciones en agosto pr\u00f3ximo_<\/p>\n\n\n\n<p>El representante legal del Grupo Brossemi, S. de R.L. de C.V., Emilio P\u00e9rez Calder\u00f3n, destac\u00f3 el respaldo de la gobernadora Lorena Cu\u00e9llar Cisneros, para que el proyecto de la primera guarder\u00eda empresarial \u201cSemillitas del Coraz\u00f3n\u201d, \u00fanica en su tipo en el pa\u00eds, sea una realidad, acci\u00f3n que refleja el inter\u00e9s de la mandataria estatal de impulsar pol\u00edticas p\u00fablicas en favor de la infancia tlaxcalteca.<\/p>\n\n\n\n<p>Explic\u00f3 que el centro, ubicado en Ciudad Industrial Xicoht\u00e9ncatl I (CIX I), operar\u00e1 bajo el modelo de atenci\u00f3n de los Centros de Educaci\u00f3n y Cuidado Infantil (CECI) del Instituto Mexicano del Seguro Social (IMSS), es resultado de una inversi\u00f3n conjunta entre Grupo Brossemi y la actual administraci\u00f3n estatal, la cual apoy\u00f3 con la donaci\u00f3n del terreno, mobiliario y equipamiento.<\/p>\n\n\n\n<p>\u201cLas siete empresas no realizaron inversi\u00f3n econ\u00f3mica directa; la inversi\u00f3n es m\u00eda, junto con el gobierno del estado, que particip\u00f3 donando el terreno, el mobiliario y el equipo. Entonces, s\u00ed me dieron muchas facilidades\u201d, subray\u00f3 en entrevista con medios de comunicaci\u00f3n.<\/p>\n\n\n\n<p>Coment\u00f3 que el periodo de inscripciones se abrir\u00e1 la pr\u00f3xima semana; sin embargo, hasta el momento, se han recibido 150 cartas de intenci\u00f3n por parte de madres y padres trabajadores, por lo que est\u00e1n listos para iniciar operaciones de manera formal en el mes de agosto.<\/p>\n\n\n\n<p>\u201cEstamos en un periodo de tr\u00e1mites con el Instituto. Ya esta semana vienen a supervisarnos, a revisarnos con un checklist, punto por punto. Que tengamos toda la documentaci\u00f3n, que las instalaciones sean las adecuadas y que contemos con todo el equipamiento necesario para poder arrancar. Estimo que saldremos a preinscripciones la siguiente semana, y estaremos recibiendo a los primeros ni\u00f1os el 1 de agosto\u201d, detall\u00f3.<\/p>\n\n\n\n<p>Abund\u00f3 que el centro tiene una capacidad para atender a 252 infantes entre 43 d\u00edas de nacidos y hasta los 4 a\u00f1os; el 51 por ciento de los espacios ser\u00e1n ocupados por las empresas que firmaron el convenio de subrogaci\u00f3n y el resto estar\u00e1 disponible para trabajadores de otras industrias que deseen sumarse al proyecto, gracias al modelo CECI del IMSS.<\/p>\n\n\n\n<p>Asimismo, indic\u00f3 que la guarder\u00eda cumple con todas las medidas de seguridad, ya que su construcci\u00f3n fue avalada mediante un dictamen emitido por la Coordinaci\u00f3n Estatal de Protecci\u00f3n Civil (CEPC), por lo que descart\u00f3 la existencia de riesgos para las ni\u00f1as y ni\u00f1os que asistan al centro de atenci\u00f3n.<\/p>\n","protected":false},"excerpt":{"rendered":"<p>*El representante legal, Emilio P\u00e9rez Calder\u00f3n, anunci\u00f3 que el centro iniciar\u00e1 operaciones en agosto pr\u00f3ximo_ El representante legal del Grupo Brossemi, S. de R.L. de C.V., Emilio P\u00e9rez Calder\u00f3n, destac\u00f3 el respaldo de la gobernadora Lorena Cu\u00e9llar Cisneros, para que el proyecto de la primera guarder\u00eda empresarial \u201cSemillitas del Coraz\u00f3n\u201d, \u00fanica en su tipo en [&hellip;]<\/p>\n","protected":false},"author":4,"featured_media":97370,"comment_status":"open","ping_status":"open","sticky":false,"template":"","format":"standard","meta":{"om_disable_all_campaigns":false,"_monsterinsights_skip_tracking":false,"_monsterinsights_sitenote_active":false,"_monsterinsights_sitenote_note":"","_monsterinsights_sitenote_category":0,"jnews-multi-image_gallery":[],"jnews_single_post":{"format":"standard"},"jnews_primary_category":[],"footnotes":""},"categories":[1],"tags":[],"class_list":["post-97369","post","type-post","status-publish","format-standard","has-post-thumbnail","hentry","category-uncategorized"],"aioseo_notices":[],"_links":{"self":[{"href":"https:\/\/estado29.mx\/index.php?rest_route=\/wp\/v2\/posts\/97369","targetHints":{"allow":["GET"]}}],"collection":[{"href":"https:\/\/estado29.mx\/index.php?rest_route=\/wp\/v2\/posts"}],"about":[{"href":"https:\/\/estado29.mx\/index.php?rest_route=\/wp\/v2\/types\/post"}],"author":[{"embeddable":true,"href":"https:\/\/estado29.mx\/index.php?rest_route=\/wp\/v2\/users\/4"}],"replies":[{"embeddable":true,"href":"https:\/\/estado29.mx\/index.php?rest_route=%2Fwp%2Fv2%2Fcomments&post=97369"}],"version-history":[{"count":1,"href":"https:\/\/estado29.mx\/index.php?rest_route=\/wp\/v2\/posts\/97369\/revisions"}],"predecessor-version":[{"id":97371,"href":"https:\/\/estado29.mx\/index.php?rest_route=\/wp\/v2\/posts\/97369\/revisions\/97371"}],"wp:featuredmedia":[{"embeddable":true,"href":"https:\/\/estado29.mx\/index.php?rest_route=\/wp\/v2\/media\/97370"}],"wp:attachment":[{"href":"https:\/\/estado29.mx\/index.php?rest_route=%2Fwp%2Fv2%2Fmedia&parent=97369"}],"wp:term":[{"taxonomy":"category","embeddable":true,"href":"https:\/\/estado29.mx\/index.php?rest_route=%2Fwp%2Fv2%2Fcategories&post=97369"},{"taxonomy":"post_tag","embeddable":true,"href":"https:\/\/estado29.mx\/index.php?rest_route=%2Fwp%2Fv2%2Ftags&post=97369"}],"curies":[{"name":"wp","href":"https:\/\/api.w.org\/{rel}","templated":true}]}}