{"id":97382,"date":"2025-07-15T20:53:33","date_gmt":"2025-07-15T20:53:33","guid":{"rendered":"https:\/\/estado29.mx\/?p=97382"},"modified":"2025-08-01T00:34:50","modified_gmt":"2025-08-01T00:34:50","slug":"graduacion-de-la-generacion-2022-2025-de-la-escuela-secundaria-tecnica-no-44-carlos-fuentes","status":"publish","type":"post","link":"https:\/\/estado29.mx\/?p=97382","title":{"rendered":"Graduaci\u00f3n de la Generaci\u00f3n 2022-2025 de la Escuela Secundaria T\u00e9cnica No. 44 &#8220;Carlos Fuentes&#8221;"},"content":{"rendered":"<figure class=\"wp-block-post-featured-image\"><img loading=\"lazy\" decoding=\"async\" width=\"1600\" height=\"1200\" src=\"https:\/\/estado29.mx\/wp-content\/uploads\/2025\/07\/IMG-20250715-WA0182.jpg\" class=\"attachment-post-thumbnail size-post-thumbnail wp-post-image\" alt=\"\" style=\"object-fit:cover;\" srcset=\"https:\/\/estado29.mx\/wp-content\/uploads\/2025\/07\/IMG-20250715-WA0182.jpg 1600w, https:\/\/estado29.mx\/wp-content\/uploads\/2025\/07\/IMG-20250715-WA0182-300x225.jpg 300w, https:\/\/estado29.mx\/wp-content\/uploads\/2025\/07\/IMG-20250715-WA0182-1024x768.jpg 1024w, https:\/\/estado29.mx\/wp-content\/uploads\/2025\/07\/IMG-20250715-WA0182-768x576.jpg 768w, https:\/\/estado29.mx\/wp-content\/uploads\/2025\/07\/IMG-20250715-WA0182-1536x1152.jpg 1536w, https:\/\/estado29.mx\/wp-content\/uploads\/2025\/07\/IMG-20250715-WA0182-750x563.jpg 750w, https:\/\/estado29.mx\/wp-content\/uploads\/2025\/07\/IMG-20250715-WA0182-1140x855.jpg 1140w\" sizes=\"auto, (max-width: 1600px) 100vw, 1600px\" \/><\/figure>\n\n\n<p><br>Huamantla, Tlaxcala, Con gran entusiasmo y orgullo, se llev\u00f3 a cabo la graduaci\u00f3n de la generaci\u00f3n 2022-2025 de la Escuela Secundaria T\u00e9cnica No. 44 &#8220;Carlos Fuentes&#8221;.<\/p>\n\n\n\n<p>Autoridades Presentes:<\/p>\n\n\n\n<ul class=\"wp-block-list\">\n<li>Ver\u00f3nica Molina, Jefa del Departamento de Escuelas Secundarias T\u00e9cnicas<\/li>\n\n\n\n<li>Ram\u00f3n P\u00e9rez S\u00e1nchez, Supervisor de la Zona 04<\/li>\n\n\n\n<li>Mtra. Oyuki P\u00e9rez Morales, Directora de la Escuela Secundaria No. 29<\/li>\n\n\n\n<li>Mar\u00eda Ver\u00f3nica S\u00e1nchez Gracia, Directora de la Escuela Secundaria No. 44 &#8220;Carlos Fuentes&#8221;<\/li>\n<\/ul>\n\n\n\n<p>Reconocimiento y Agradecimiento:<br>La Directora Mar\u00eda Ver\u00f3nica S\u00e1nchez Gracia destac\u00f3 la labor de los padres de familia en el logro de esta generaci\u00f3n y reiter\u00f3 el compromiso de la instituci\u00f3n con la educaci\u00f3n de calidad.<\/p>\n\n\n\n<p>Logros y Reconocimientos:<br>Durante la ceremonia, se destacaron los siguientes logros:<\/p>\n\n\n\n<ul class=\"wp-block-list\">\n<li>1er lugar en interpretaci\u00f3n de villancicos en ingl\u00e9s: Camila Ivonne Castro Jim\u00e9nez<\/li>\n\n\n\n<li>3er lugar en escoltas a nivel estatal<\/li>\n\n\n\n<li>2do lugar en interpretaci\u00f3n de libro<\/li>\n<\/ul>\n\n\n\n<p>Una Nueva Generaci\u00f3n de L\u00edderes:<br>La graduaci\u00f3n de esta generaci\u00f3n marca el inicio de una nueva etapa en la vida de estos j\u00f3venes. La Escuela Secundaria T\u00e9cnica No. 44 &#8220;Carlos Fuentes&#8221; se enorgullece de haber contribuido a su formaci\u00f3n y les desea el mayor de los \u00e9xitos en su futuro.<\/p>\n","protected":false},"excerpt":{"rendered":"<p>Huamantla, Tlaxcala, Con gran entusiasmo y orgullo, se llev\u00f3 a cabo la graduaci\u00f3n de la generaci\u00f3n 2022-2025 de la Escuela Secundaria T\u00e9cnica No. 44 &#8220;Carlos Fuentes&#8221;. Autoridades Presentes: Reconocimiento y Agradecimiento:La Directora Mar\u00eda Ver\u00f3nica S\u00e1nchez Gracia destac\u00f3 la labor de los padres de familia en el logro de esta generaci\u00f3n y reiter\u00f3 el compromiso de [&hellip;]<\/p>\n","protected":false},"author":9,"featured_media":97383,"comment_status":"open","ping_status":"open","sticky":false,"template":"","format":"standard","meta":{"om_disable_all_campaigns":false,"_monsterinsights_skip_tracking":false,"_monsterinsights_sitenote_active":false,"_monsterinsights_sitenote_note":"","_monsterinsights_sitenote_category":0,"jnews-multi-image_gallery":[],"jnews_single_post":{"format":"standard"},"jnews_primary_category":[],"footnotes":""},"categories":[1],"tags":[],"class_list":["post-97382","post","type-post","status-publish","format-standard","has-post-thumbnail","hentry","category-uncategorized"],"aioseo_notices":[],"_links":{"self":[{"href":"https:\/\/estado29.mx\/index.php?rest_route=\/wp\/v2\/posts\/97382","targetHints":{"allow":["GET"]}}],"collection":[{"href":"https:\/\/estado29.mx\/index.php?rest_route=\/wp\/v2\/posts"}],"about":[{"href":"https:\/\/estado29.mx\/index.php?rest_route=\/wp\/v2\/types\/post"}],"author":[{"embeddable":true,"href":"https:\/\/estado29.mx\/index.php?rest_route=\/wp\/v2\/users\/9"}],"replies":[{"embeddable":true,"href":"https:\/\/estado29.mx\/index.php?rest_route=%2Fwp%2Fv2%2Fcomments&post=97382"}],"version-history":[{"count":1,"href":"https:\/\/estado29.mx\/index.php?rest_route=\/wp\/v2\/posts\/97382\/revisions"}],"predecessor-version":[{"id":97384,"href":"https:\/\/estado29.mx\/index.php?rest_route=\/wp\/v2\/posts\/97382\/revisions\/97384"}],"wp:featuredmedia":[{"embeddable":true,"href":"https:\/\/estado29.mx\/index.php?rest_route=\/wp\/v2\/media\/97383"}],"wp:attachment":[{"href":"https:\/\/estado29.mx\/index.php?rest_route=%2Fwp%2Fv2%2Fmedia&parent=97382"}],"wp:term":[{"taxonomy":"category","embeddable":true,"href":"https:\/\/estado29.mx\/index.php?rest_route=%2Fwp%2Fv2%2Fcategories&post=97382"},{"taxonomy":"post_tag","embeddable":true,"href":"https:\/\/estado29.mx\/index.php?rest_route=%2Fwp%2Fv2%2Ftags&post=97382"}],"curies":[{"name":"wp","href":"https:\/\/api.w.org\/{rel}","templated":true}]}}