{"id":97388,"date":"2025-07-15T23:56:59","date_gmt":"2025-07-15T23:56:59","guid":{"rendered":"https:\/\/estado29.mx\/?p=97388"},"modified":"2025-08-01T00:34:42","modified_gmt":"2025-08-01T00:34:42","slug":"uatx-y-universidad-de-cuenca-ecuador-estrechan-cooperacion-internacional","status":"publish","type":"post","link":"https:\/\/estado29.mx\/?p=97388","title":{"rendered":"UATx y Universidad de Cuenca, Ecuador, estrechan cooperaci\u00f3n internacional"},"content":{"rendered":"<figure class=\"wp-block-post-featured-image\"><img loading=\"lazy\" decoding=\"async\" width=\"1600\" height=\"1066\" src=\"https:\/\/estado29.mx\/wp-content\/uploads\/2025\/07\/08-UATx-y-Universidad-de-Cuenca-Ecuador-estrechan-cooperacion-internacional-4.jpeg\" class=\"attachment-post-thumbnail size-post-thumbnail wp-post-image\" alt=\"\" style=\"object-fit:cover;\" srcset=\"https:\/\/estado29.mx\/wp-content\/uploads\/2025\/07\/08-UATx-y-Universidad-de-Cuenca-Ecuador-estrechan-cooperacion-internacional-4.jpeg 1600w, https:\/\/estado29.mx\/wp-content\/uploads\/2025\/07\/08-UATx-y-Universidad-de-Cuenca-Ecuador-estrechan-cooperacion-internacional-4-300x200.jpeg 300w, https:\/\/estado29.mx\/wp-content\/uploads\/2025\/07\/08-UATx-y-Universidad-de-Cuenca-Ecuador-estrechan-cooperacion-internacional-4-1024x682.jpeg 1024w, https:\/\/estado29.mx\/wp-content\/uploads\/2025\/07\/08-UATx-y-Universidad-de-Cuenca-Ecuador-estrechan-cooperacion-internacional-4-768x512.jpeg 768w, https:\/\/estado29.mx\/wp-content\/uploads\/2025\/07\/08-UATx-y-Universidad-de-Cuenca-Ecuador-estrechan-cooperacion-internacional-4-1536x1023.jpeg 1536w, https:\/\/estado29.mx\/wp-content\/uploads\/2025\/07\/08-UATx-y-Universidad-de-Cuenca-Ecuador-estrechan-cooperacion-internacional-4-750x500.jpeg 750w, https:\/\/estado29.mx\/wp-content\/uploads\/2025\/07\/08-UATx-y-Universidad-de-Cuenca-Ecuador-estrechan-cooperacion-internacional-4-1140x760.jpeg 1140w\" sizes=\"auto, (max-width: 1600px) 100vw, 1600px\" \/><\/figure>\n\n\n<p>Con el prop\u00f3sito de dar seguimiento al convenio firmado entre la Universidad Aut\u00f3noma de Tlaxcala (UATx) y la Universidad de Cuenca, Ecuador (UCUENCA), la Maestra Jeanette Tlilayatzi Acoltzi, Docente de la Licenciatura en Ciencias de la Familia de la Facultad de Ciencias para el Desarrollo Humano, particip\u00f3 en el VIII Seminario Internacional &#8220;Prevenci\u00f3n e intervenci\u00f3n en violencia intrafamiliar adicciones&#8221;.<\/p>\n\n\n\n<p>Este foro que se efectu\u00f3 en modalidad virtual del 26 al 27 de junio tuvo por objetivo incrementar la vinculaci\u00f3n nacional e internacional que permita fortalecer el desarrollo de alumnos, acad\u00e9micos y administrativos.<\/p>\n\n\n\n<p>Durante su intervenci\u00f3n en el Seminario Internacional, la Maestra Jeanette Tlilayatzi imparti\u00f3 la conferencia \u201cConocer para prevenir: Acompa\u00f1amiento familiar para la prevenci\u00f3n de adicciones en ni\u00f1as, ni\u00f1os y adolescentes en Tlaxcala, M\u00e9xico\u201d, con una amplia exposici\u00f3n de los trabajos que se han desarrollado y las perspectivas te\u00f3ricas para el estudio de este tema.<\/p>\n\n\n\n<p>Adem\u00e1s, desarroll\u00f3 el taller \u201cEscuchamos, no juzgamos: La prevenci\u00f3n de adicciones desde el autocuidado familiar\u201d, y tambi\u00e9n se tuvo la asistencia, en modalidad virtual, de docentes de la Licenciatura en Ciencias de la Familia en la ponencia \u201cLa universidad como espacio seguro: habitar, cuidar y educar\u201d.<\/p>\n","protected":false},"excerpt":{"rendered":"<p>Con el prop\u00f3sito de dar seguimiento al convenio firmado entre la Universidad Aut\u00f3noma de Tlaxcala (UATx) y la Universidad de Cuenca, Ecuador (UCUENCA), la Maestra Jeanette Tlilayatzi Acoltzi, Docente de la Licenciatura en Ciencias de la Familia de la Facultad de Ciencias para el Desarrollo Humano, particip\u00f3 en el VIII Seminario Internacional &#8220;Prevenci\u00f3n e intervenci\u00f3n [&hellip;]<\/p>\n","protected":false},"author":9,"featured_media":97389,"comment_status":"open","ping_status":"open","sticky":false,"template":"","format":"standard","meta":{"om_disable_all_campaigns":false,"_monsterinsights_skip_tracking":false,"_monsterinsights_sitenote_active":false,"_monsterinsights_sitenote_note":"","_monsterinsights_sitenote_category":0,"jnews-multi-image_gallery":[],"jnews_single_post":{"format":"standard"},"jnews_primary_category":[],"footnotes":""},"categories":[1],"tags":[],"class_list":["post-97388","post","type-post","status-publish","format-standard","has-post-thumbnail","hentry","category-uncategorized"],"aioseo_notices":[],"_links":{"self":[{"href":"https:\/\/estado29.mx\/index.php?rest_route=\/wp\/v2\/posts\/97388","targetHints":{"allow":["GET"]}}],"collection":[{"href":"https:\/\/estado29.mx\/index.php?rest_route=\/wp\/v2\/posts"}],"about":[{"href":"https:\/\/estado29.mx\/index.php?rest_route=\/wp\/v2\/types\/post"}],"author":[{"embeddable":true,"href":"https:\/\/estado29.mx\/index.php?rest_route=\/wp\/v2\/users\/9"}],"replies":[{"embeddable":true,"href":"https:\/\/estado29.mx\/index.php?rest_route=%2Fwp%2Fv2%2Fcomments&post=97388"}],"version-history":[{"count":1,"href":"https:\/\/estado29.mx\/index.php?rest_route=\/wp\/v2\/posts\/97388\/revisions"}],"predecessor-version":[{"id":97390,"href":"https:\/\/estado29.mx\/index.php?rest_route=\/wp\/v2\/posts\/97388\/revisions\/97390"}],"wp:featuredmedia":[{"embeddable":true,"href":"https:\/\/estado29.mx\/index.php?rest_route=\/wp\/v2\/media\/97389"}],"wp:attachment":[{"href":"https:\/\/estado29.mx\/index.php?rest_route=%2Fwp%2Fv2%2Fmedia&parent=97388"}],"wp:term":[{"taxonomy":"category","embeddable":true,"href":"https:\/\/estado29.mx\/index.php?rest_route=%2Fwp%2Fv2%2Fcategories&post=97388"},{"taxonomy":"post_tag","embeddable":true,"href":"https:\/\/estado29.mx\/index.php?rest_route=%2Fwp%2Fv2%2Ftags&post=97388"}],"curies":[{"name":"wp","href":"https:\/\/api.w.org\/{rel}","templated":true}]}}