{"id":97391,"date":"2025-07-16T00:00:34","date_gmt":"2025-07-16T00:00:34","guid":{"rendered":"https:\/\/estado29.mx\/?p=97391"},"modified":"2025-08-01T00:34:38","modified_gmt":"2025-08-01T00:34:38","slug":"impulsa-la-uatx-nuevas-trayectorias-profesionales-con-el-egreso-de-estudiantes-en-ciencias-economico-administrativas","status":"publish","type":"post","link":"https:\/\/estado29.mx\/?p=97391","title":{"rendered":"Impulsa la UATx nuevas trayectorias profesionales con el egreso de estudiantes en Ciencias Econ\u00f3mico Administrativas"},"content":{"rendered":"<figure class=\"wp-block-post-featured-image\"><img loading=\"lazy\" decoding=\"async\" width=\"1205\" height=\"849\" src=\"https:\/\/estado29.mx\/wp-content\/uploads\/2025\/07\/WhatsApp-Image-2025-07-15-at-6.00.03-PM.jpeg\" class=\"attachment-post-thumbnail size-post-thumbnail wp-post-image\" alt=\"\" style=\"object-fit:cover;\" srcset=\"https:\/\/estado29.mx\/wp-content\/uploads\/2025\/07\/WhatsApp-Image-2025-07-15-at-6.00.03-PM.jpeg 1205w, https:\/\/estado29.mx\/wp-content\/uploads\/2025\/07\/WhatsApp-Image-2025-07-15-at-6.00.03-PM-300x211.jpeg 300w, https:\/\/estado29.mx\/wp-content\/uploads\/2025\/07\/WhatsApp-Image-2025-07-15-at-6.00.03-PM-1024x721.jpeg 1024w, https:\/\/estado29.mx\/wp-content\/uploads\/2025\/07\/WhatsApp-Image-2025-07-15-at-6.00.03-PM-768x541.jpeg 768w, https:\/\/estado29.mx\/wp-content\/uploads\/2025\/07\/WhatsApp-Image-2025-07-15-at-6.00.03-PM-120x86.jpeg 120w, https:\/\/estado29.mx\/wp-content\/uploads\/2025\/07\/WhatsApp-Image-2025-07-15-at-6.00.03-PM-750x528.jpeg 750w, https:\/\/estado29.mx\/wp-content\/uploads\/2025\/07\/WhatsApp-Image-2025-07-15-at-6.00.03-PM-1140x803.jpeg 1140w\" sizes=\"auto, (max-width: 1205px) 100vw, 1205px\" \/><\/figure>\n\n\n<p>\u00fc Comprometidos con valores s\u00f3lidos y una visi\u00f3n de su rol transformador<\/p>\n\n\n\n<p>La Facultad de Ciencias Econ\u00f3mico Administrativas de la Universidad Aut\u00f3noma de Tlaxcala (FCEA-UATx) celebr\u00f3 la ceremonia de graduaci\u00f3n de 362 estudiantes de las licenciaturas en Administraci\u00f3n, Contadur\u00eda P\u00fablica, Negocios Internacionales y Turismo Internacional, generaci\u00f3n 2021-2025, en el Centro Cultural Universitario.<\/p>\n\n\n\n<p>Presidi\u00f3 este acto solemne el Maestro Alejandro Palma Su\u00e1rez, Secretario Acad\u00e9mico, quien consider\u00f3 que dicha ceremonia simboliza la culminaci\u00f3n de una etapa acad\u00e9mica y la realizaci\u00f3n de un proceso formativo bajo la filosof\u00eda del Modelo Humanista Integrador basado en Capacidades (MHIC), pilar de la identidad universitaria que coloca al ser humano al centro de la educaci\u00f3n, para preparar a profesionistas competitivos, ciudadanos \u00e9ticos, capaces de transformar su entorno con responsabilidad.<\/p>\n\n\n\n<p>Asegur\u00f3 que la Aut\u00f3noma de Tlaxcala se ha colocado como semillero de profesionales que contin\u00faan capacit\u00e1ndose y actualizan sus conocimientos para nutrir sus capacidades y responder a los desaf\u00edos sociales, econ\u00f3micos, tecnol\u00f3gicos y culturales del mundo y el pa\u00eds con una visi\u00f3n humanista y comprometida.<\/p>\n\n\n\n<p>Por su parte, el Maestro Mario Franz Subieta Zecua, Director de la FCEA, indic\u00f3 a los graduados que hoy egresan de una Instituci\u00f3n que transforma, prepara a profesionistas y seres humanos cr\u00edticos, comprometidos con valores s\u00f3lidos y con una visi\u00f3n profunda del papel que deben jugar en la sociedad.<\/p>\n\n\n\n<p>Especific\u00f3 que en esta \u00e1rea universitaria se han formado cerca de 15 mil profesionales que contribuyen al desarrollo y engrandecimiento de la entidad, quienes se han colocado en el mercado laboral para dirigir empresas, emprender, gestionar y transformar comunidades. El Maestro Subieta Zecua expres\u00f3 su reconocimiento a quienes han conducido los destinos de la FCEA porque han sentado las bases para seguir en esta ruta de la ense\u00f1anza con calidad de las Ciencias Administrativas.<\/p>\n\n\n\n<p>A su vez, Maribel Hern\u00e1ndez, estudiante de la Licenciatura en Turismo Internacional, en representaci\u00f3n de los graduados de la generaci\u00f3n 2021-2025, agradeci\u00f3 a los docentes por haber compartido con ellos su<\/p>\n\n\n\n<p>experticia y sabidur\u00eda, y tambi\u00e9n a los padres de familia por darles la oportunidad de contar con una preparaci\u00f3n profesional y contar con mejores oportunidades para su crecimiento personal.<\/p>\n\n\n\n<p>Las estudiantes Jimena Grisel Xochipa, Ariadna Hern\u00e1ndez, Daniela L\u00f3pez, Danael Guadalupe Huerta y Maribel Hern\u00e1ndez, fueron acreedoras a sendos reconocimientos por haber obtenido el mejor promedio de su generaci\u00f3n. Fueron part\u00edcipes de este nuevo logro institucional, secretarios, coordinadores de divisi\u00f3n de la UATx, directivos, docentes e investigadores de la FCEA, progenitores y familiares de los graduados.<\/p>\n","protected":false},"excerpt":{"rendered":"<p>\u00fc Comprometidos con valores s\u00f3lidos y una visi\u00f3n de su rol transformador La Facultad de Ciencias Econ\u00f3mico Administrativas de la Universidad Aut\u00f3noma de Tlaxcala (FCEA-UATx) celebr\u00f3 la ceremonia de graduaci\u00f3n de 362 estudiantes de las licenciaturas en Administraci\u00f3n, Contadur\u00eda P\u00fablica, Negocios Internacionales y Turismo Internacional, generaci\u00f3n 2021-2025, en el Centro Cultural Universitario. Presidi\u00f3 este acto [&hellip;]<\/p>\n","protected":false},"author":9,"featured_media":97393,"comment_status":"open","ping_status":"open","sticky":false,"template":"","format":"standard","meta":{"om_disable_all_campaigns":false,"_monsterinsights_skip_tracking":false,"_monsterinsights_sitenote_active":false,"_monsterinsights_sitenote_note":"","_monsterinsights_sitenote_category":0,"jnews-multi-image_gallery":[],"jnews_single_post":{"format":"standard"},"jnews_primary_category":[],"footnotes":""},"categories":[1],"tags":[],"class_list":["post-97391","post","type-post","status-publish","format-standard","has-post-thumbnail","hentry","category-uncategorized"],"aioseo_notices":[],"_links":{"self":[{"href":"https:\/\/estado29.mx\/index.php?rest_route=\/wp\/v2\/posts\/97391","targetHints":{"allow":["GET"]}}],"collection":[{"href":"https:\/\/estado29.mx\/index.php?rest_route=\/wp\/v2\/posts"}],"about":[{"href":"https:\/\/estado29.mx\/index.php?rest_route=\/wp\/v2\/types\/post"}],"author":[{"embeddable":true,"href":"https:\/\/estado29.mx\/index.php?rest_route=\/wp\/v2\/users\/9"}],"replies":[{"embeddable":true,"href":"https:\/\/estado29.mx\/index.php?rest_route=%2Fwp%2Fv2%2Fcomments&post=97391"}],"version-history":[{"count":1,"href":"https:\/\/estado29.mx\/index.php?rest_route=\/wp\/v2\/posts\/97391\/revisions"}],"predecessor-version":[{"id":97394,"href":"https:\/\/estado29.mx\/index.php?rest_route=\/wp\/v2\/posts\/97391\/revisions\/97394"}],"wp:featuredmedia":[{"embeddable":true,"href":"https:\/\/estado29.mx\/index.php?rest_route=\/wp\/v2\/media\/97393"}],"wp:attachment":[{"href":"https:\/\/estado29.mx\/index.php?rest_route=%2Fwp%2Fv2%2Fmedia&parent=97391"}],"wp:term":[{"taxonomy":"category","embeddable":true,"href":"https:\/\/estado29.mx\/index.php?rest_route=%2Fwp%2Fv2%2Fcategories&post=97391"},{"taxonomy":"post_tag","embeddable":true,"href":"https:\/\/estado29.mx\/index.php?rest_route=%2Fwp%2Fv2%2Ftags&post=97391"}],"curies":[{"name":"wp","href":"https:\/\/api.w.org\/{rel}","templated":true}]}}