{"id":97411,"date":"2025-07-16T13:27:09","date_gmt":"2025-07-16T13:27:09","guid":{"rendered":"https:\/\/estado29.mx\/?p=97411"},"modified":"2025-08-01T00:34:12","modified_gmt":"2025-08-01T00:34:12","slug":"capacitacion-al-sector-hotelero-clave-para-mejorar-el-servicio-y-elevar-productividad-icatlax","status":"publish","type":"post","link":"https:\/\/estado29.mx\/?p=97411","title":{"rendered":"Capacitaci\u00f3n al sector hotelero, clave para mejorar el servicio y elevar productividad: ICATLAX"},"content":{"rendered":"\n<p><\/p>\n\n\n\n<p>\u2022M\u00e1s de 200 cursos estar\u00e1n disponibles para personal del sector tur\u00edstico a trav\u00e9s de un acuerdo que impulsa el desarrollo del talento humano en Tlaxcala<\/p>\n\n\n\n<p>A m\u00e1s de 200 cursos de extensi\u00f3n en 24 especialidades que oferta el Instituto de Capacitaci\u00f3n para el Trabajo (ICATLAX) podr\u00e1n acceder las y los agremiados a la Asociaci\u00f3n de Hoteles y Moteles del Estado (AHMET), con el objetivo de fortalecer las capacidades del personal que labora en el sector hotelero en Tlaxcala.<\/p>\n\n\n\n<p>El director general de ICATLAX, Juan Javier Potrero Tizatl, subray\u00f3 que una de las encomiendas del Instituto es atender de manera directa las necesidades del sector productivo y de servicios, y en este caso, se busca incidir de forma positiva en la calidad del servicio al cliente, lo que impacta directamente en la productividad y competitividad de esta importante industria.<\/p>\n\n\n\n<p>\u201cEstamos convencidos de que la capacitaci\u00f3n es una herramienta indispensable para profesionalizar al personal, ofrecer una mejor atenci\u00f3n al p\u00fablico y detonar el crecimiento de las empresas. El convenio que firmamos con la AHMET le abre las puertas a una amplia oferta de formaci\u00f3n t\u00e9cnica y especializada\u201d, destac\u00f3.<\/p>\n\n\n\n<p>El cat\u00e1logo de cursos disponible incluye temas en atenci\u00f3n al cliente, idiomas, administraci\u00f3n hotelera, cocina, manejo higi\u00e9nico de alimentos, habilidades digitales, y desarrollo humano, entre otros.<\/p>\n\n\n\n<p>Por su parte, el presidente de la AHMET, Virgilio Medell\u00edn Viveros, celebr\u00f3 la firma del convenio y afirm\u00f3 que se trata de una oportunidad para fortalecer el talento humano del sector, el cual genera m\u00e1s de 5 mil empleos directos en el estado.<\/p>\n\n\n\n<p>\u201cEl acceso a cursos de alto nivel nos ayudar\u00e1 a consolidar al turismo como una fuente s\u00f3lida de empleo y desarrollo en Tlaxcala\u201d, expres\u00f3.<\/p>\n\n\n\n<p>Al evento asistieron Mar\u00eda de Lourdes Montiel Cer\u00f3n, directora de Vinculaci\u00f3n de ICATLAX; Daniela Sandoval y Guadalupe Avelar, representantes de la AMHET; as\u00ed como integrantes del Consejo Directivo de la asociaci\u00f3n y personal del \u00e1rea jur\u00eddica del instituto.<\/p>\n","protected":false},"excerpt":{"rendered":"<p>\u2022M\u00e1s de 200 cursos estar\u00e1n disponibles para personal del sector tur\u00edstico a trav\u00e9s de un acuerdo que impulsa el desarrollo del talento humano en Tlaxcala A m\u00e1s de 200 cursos de extensi\u00f3n en 24 especialidades que oferta el Instituto de Capacitaci\u00f3n para el Trabajo (ICATLAX) podr\u00e1n acceder las y los agremiados a la Asociaci\u00f3n de [&hellip;]<\/p>\n","protected":false},"author":4,"featured_media":97412,"comment_status":"open","ping_status":"open","sticky":false,"template":"","format":"standard","meta":{"om_disable_all_campaigns":false,"_monsterinsights_skip_tracking":false,"_monsterinsights_sitenote_active":false,"_monsterinsights_sitenote_note":"","_monsterinsights_sitenote_category":0,"jnews-multi-image_gallery":[],"jnews_single_post":{"format":"standard"},"jnews_primary_category":[],"footnotes":""},"categories":[1],"tags":[],"class_list":["post-97411","post","type-post","status-publish","format-standard","has-post-thumbnail","hentry","category-uncategorized"],"aioseo_notices":[],"_links":{"self":[{"href":"https:\/\/estado29.mx\/index.php?rest_route=\/wp\/v2\/posts\/97411","targetHints":{"allow":["GET"]}}],"collection":[{"href":"https:\/\/estado29.mx\/index.php?rest_route=\/wp\/v2\/posts"}],"about":[{"href":"https:\/\/estado29.mx\/index.php?rest_route=\/wp\/v2\/types\/post"}],"author":[{"embeddable":true,"href":"https:\/\/estado29.mx\/index.php?rest_route=\/wp\/v2\/users\/4"}],"replies":[{"embeddable":true,"href":"https:\/\/estado29.mx\/index.php?rest_route=%2Fwp%2Fv2%2Fcomments&post=97411"}],"version-history":[{"count":1,"href":"https:\/\/estado29.mx\/index.php?rest_route=\/wp\/v2\/posts\/97411\/revisions"}],"predecessor-version":[{"id":97413,"href":"https:\/\/estado29.mx\/index.php?rest_route=\/wp\/v2\/posts\/97411\/revisions\/97413"}],"wp:featuredmedia":[{"embeddable":true,"href":"https:\/\/estado29.mx\/index.php?rest_route=\/wp\/v2\/media\/97412"}],"wp:attachment":[{"href":"https:\/\/estado29.mx\/index.php?rest_route=%2Fwp%2Fv2%2Fmedia&parent=97411"}],"wp:term":[{"taxonomy":"category","embeddable":true,"href":"https:\/\/estado29.mx\/index.php?rest_route=%2Fwp%2Fv2%2Fcategories&post=97411"},{"taxonomy":"post_tag","embeddable":true,"href":"https:\/\/estado29.mx\/index.php?rest_route=%2Fwp%2Fv2%2Ftags&post=97411"}],"curies":[{"name":"wp","href":"https:\/\/api.w.org\/{rel}","templated":true}]}}