{"id":97414,"date":"2025-07-16T13:44:56","date_gmt":"2025-07-16T13:44:56","guid":{"rendered":"https:\/\/estado29.mx\/?p=97414"},"modified":"2025-08-01T00:34:06","modified_gmt":"2025-08-01T00:34:06","slug":"conmutacion-de-sanciones-ambientales-fortalece-brigadas-para-proteger-fauna-silvestre-en-tlaxcala","status":"publish","type":"post","link":"https:\/\/estado29.mx\/?p=97414","title":{"rendered":"Conmutaci\u00f3n de sanciones ambientales fortalece brigadas para proteger fauna silvestre en Tlaxcala"},"content":{"rendered":"\n<p><\/p>\n\n\n\n<p>*Gracias a este mecanismo legal, previsto en la normativa ambiental vigente, se transforma el pago de multas en herramientas \u00fatiles para instituciones que trabajan directamente en la defensa del entorno natural<\/p>\n\n\n\n<p>En una acci\u00f3n pionera de justicia ambiental restaurativa, la Procuradur\u00eda de Protecci\u00f3n al Ambiente del Estado de Tlaxcala (Propaet) y el Instituto de Fauna Silvestre del Estado de Tlaxcala (IFAST) firmaron un convenio de colaboraci\u00f3n que canaliza sanciones econ\u00f3micas por da\u00f1o ambiental en equipamiento operativo especializado para brigadas dedicadas al rescate y conservaci\u00f3n de especies silvestres.<\/p>\n\n\n\n<p>Gracias a este mecanismo legal de conmutaci\u00f3n de sanciones, previsto en la normativa ambiental vigente, se transforma el pago de multas en herramientas \u00fatiles para instituciones que trabajan directamente en la defensa del entorno natural.<\/p>\n\n\n\n<p>El titular de la Propaet, Iv\u00e1n Garc\u00eda Ju\u00e1rez, detall\u00f3 que el IFAST recibi\u00f3 equipo que fortalecer\u00e1 sus capacidades en campo, especialmente en maniobras de atenci\u00f3n, rescate y resguardo de fauna en riesgo.<\/p>\n\n\n\n<p>\u201cLa firma de este convenio es un paso concreto hacia un modelo de gesti\u00f3n ambiental m\u00e1s justo y eficiente, donde las infracciones no solo se sancionan, sino que se convierten en oportunidades para proteger la vida silvestre\u201d, destac\u00f3.<\/p>\n\n\n\n<p>El acuerdo incluye disposiciones claras sobre el resguardo, uso y conservaci\u00f3n del equipo entregado, lo que garantiza su aplicaci\u00f3n responsable y transparente en beneficio del patrimonio natural del estado.<\/p>\n\n\n\n<p>Como parte de esta misma estrategia, la Propaet tambi\u00e9n entreg\u00f3 herramientas e insumos forestales derivados de sanciones administrativas, los cuales ser\u00e1n utilizados en campa\u00f1as de reforestaci\u00f3n impulsadas por el Gobierno del Estado.<\/p>\n\n\n\n<p>Esta alianza representa un modelo innovador que vincula la acci\u00f3n legal con la conservaci\u00f3n efectiva, reafirmando el compromiso de impulsar una pol\u00edtica ambiental s\u00f3lida, participativa y transformadora.<\/p>\n","protected":false},"excerpt":{"rendered":"<p>*Gracias a este mecanismo legal, previsto en la normativa ambiental vigente, se transforma el pago de multas en herramientas \u00fatiles para instituciones que trabajan directamente en la defensa del entorno natural En una acci\u00f3n pionera de justicia ambiental restaurativa, la Procuradur\u00eda de Protecci\u00f3n al Ambiente del Estado de Tlaxcala (Propaet) y el Instituto de Fauna [&hellip;]<\/p>\n","protected":false},"author":4,"featured_media":97415,"comment_status":"open","ping_status":"open","sticky":false,"template":"","format":"standard","meta":{"om_disable_all_campaigns":false,"_monsterinsights_skip_tracking":false,"_monsterinsights_sitenote_active":false,"_monsterinsights_sitenote_note":"","_monsterinsights_sitenote_category":0,"jnews-multi-image_gallery":[],"jnews_single_post":{"format":"standard"},"jnews_primary_category":[],"footnotes":""},"categories":[1],"tags":[],"class_list":["post-97414","post","type-post","status-publish","format-standard","has-post-thumbnail","hentry","category-uncategorized"],"aioseo_notices":[],"_links":{"self":[{"href":"https:\/\/estado29.mx\/index.php?rest_route=\/wp\/v2\/posts\/97414","targetHints":{"allow":["GET"]}}],"collection":[{"href":"https:\/\/estado29.mx\/index.php?rest_route=\/wp\/v2\/posts"}],"about":[{"href":"https:\/\/estado29.mx\/index.php?rest_route=\/wp\/v2\/types\/post"}],"author":[{"embeddable":true,"href":"https:\/\/estado29.mx\/index.php?rest_route=\/wp\/v2\/users\/4"}],"replies":[{"embeddable":true,"href":"https:\/\/estado29.mx\/index.php?rest_route=%2Fwp%2Fv2%2Fcomments&post=97414"}],"version-history":[{"count":1,"href":"https:\/\/estado29.mx\/index.php?rest_route=\/wp\/v2\/posts\/97414\/revisions"}],"predecessor-version":[{"id":97416,"href":"https:\/\/estado29.mx\/index.php?rest_route=\/wp\/v2\/posts\/97414\/revisions\/97416"}],"wp:featuredmedia":[{"embeddable":true,"href":"https:\/\/estado29.mx\/index.php?rest_route=\/wp\/v2\/media\/97415"}],"wp:attachment":[{"href":"https:\/\/estado29.mx\/index.php?rest_route=%2Fwp%2Fv2%2Fmedia&parent=97414"}],"wp:term":[{"taxonomy":"category","embeddable":true,"href":"https:\/\/estado29.mx\/index.php?rest_route=%2Fwp%2Fv2%2Fcategories&post=97414"},{"taxonomy":"post_tag","embeddable":true,"href":"https:\/\/estado29.mx\/index.php?rest_route=%2Fwp%2Fv2%2Ftags&post=97414"}],"curies":[{"name":"wp","href":"https:\/\/api.w.org\/{rel}","templated":true}]}}