{"id":97423,"date":"2025-07-16T16:27:10","date_gmt":"2025-07-16T16:27:10","guid":{"rendered":"https:\/\/estado29.mx\/?p=97423"},"modified":"2025-08-01T00:33:51","modified_gmt":"2025-08-01T00:33:51","slug":"hoy-inicia-reubicacion-del-tianguis-semanal-en-huamantla","status":"publish","type":"post","link":"https:\/\/estado29.mx\/?p=97423","title":{"rendered":"Hoy inicia reubicaci\u00f3n del tianguis semanal en Huamantla."},"content":{"rendered":"\n<p>Tal y como se anunci\u00f3 por parte de las autoridades municipales, este mi\u00e9rcoles 16 de Julio inicia la reubicaci\u00f3n de los comerciantes de cada semana que habitualmente se instalan en el recinto ferial.<\/p>\n\n\n\n<p>Este cambio se debe a los trabajos de mantenimiento y mejoras que habr\u00e1n de realizar en el recinto que albergar\u00e1 la Feria de Huamantla la cual inicia el pr\u00f3ximo 31 de julio con el tradicional repique de campanas en el atrio de la Bas\u00edlica de la Caridad y los templos en las 39 comunidades.<\/p>\n\n\n\n<p>Por esta misma raz\u00f3n, elementos de vialidad ya se encuentran en algunos puntos del bulevar Cuamanco para dar agilidad al tr\u00e1fico vehicular, pues en algunos tramos la circulaci\u00f3n s\u00f3lo algunos mi\u00e9rcoles ser\u00e1 en doble sentido.<\/p>\n\n\n\n<p>Cabe puntualizar que el tianguis semanal se instalar\u00e1 sobre el bulevar Cuamanco de la calle Ju\u00e1rez Sur hasta la entrada del Fraccionamiento San Carlos, desde este mi\u00e9rcoles 16 de julio y hasta el pr\u00f3ximo 10 de septiembre.&nbsp;<\/p>\n\n\n\n<p>Por esta raz\u00f3n las autoridades exhortaron a los automovilistas a circular con precauci\u00f3n y a los comerciantes y consumidores a tomar las m\u00e9dicas de precauci\u00f3n necesarias.&nbsp;<\/p>\n","protected":false},"excerpt":{"rendered":"<p>Tal y como se anunci\u00f3 por parte de las autoridades municipales, este mi\u00e9rcoles 16 de Julio inicia la reubicaci\u00f3n de los comerciantes de cada semana que habitualmente se instalan en el recinto ferial. Este cambio se debe a los trabajos de mantenimiento y mejoras que habr\u00e1n de realizar en el recinto que albergar\u00e1 la Feria [&hellip;]<\/p>\n","protected":false},"author":5,"featured_media":97424,"comment_status":"open","ping_status":"open","sticky":false,"template":"","format":"standard","meta":{"om_disable_all_campaigns":false,"_monsterinsights_skip_tracking":false,"_monsterinsights_sitenote_active":false,"_monsterinsights_sitenote_note":"","_monsterinsights_sitenote_category":0,"jnews-multi-image_gallery":[],"jnews_single_post":{"format":"standard"},"jnews_primary_category":[],"footnotes":""},"categories":[1],"tags":[],"class_list":["post-97423","post","type-post","status-publish","format-standard","has-post-thumbnail","hentry","category-uncategorized"],"aioseo_notices":[],"_links":{"self":[{"href":"https:\/\/estado29.mx\/index.php?rest_route=\/wp\/v2\/posts\/97423","targetHints":{"allow":["GET"]}}],"collection":[{"href":"https:\/\/estado29.mx\/index.php?rest_route=\/wp\/v2\/posts"}],"about":[{"href":"https:\/\/estado29.mx\/index.php?rest_route=\/wp\/v2\/types\/post"}],"author":[{"embeddable":true,"href":"https:\/\/estado29.mx\/index.php?rest_route=\/wp\/v2\/users\/5"}],"replies":[{"embeddable":true,"href":"https:\/\/estado29.mx\/index.php?rest_route=%2Fwp%2Fv2%2Fcomments&post=97423"}],"version-history":[{"count":1,"href":"https:\/\/estado29.mx\/index.php?rest_route=\/wp\/v2\/posts\/97423\/revisions"}],"predecessor-version":[{"id":97425,"href":"https:\/\/estado29.mx\/index.php?rest_route=\/wp\/v2\/posts\/97423\/revisions\/97425"}],"wp:featuredmedia":[{"embeddable":true,"href":"https:\/\/estado29.mx\/index.php?rest_route=\/wp\/v2\/media\/97424"}],"wp:attachment":[{"href":"https:\/\/estado29.mx\/index.php?rest_route=%2Fwp%2Fv2%2Fmedia&parent=97423"}],"wp:term":[{"taxonomy":"category","embeddable":true,"href":"https:\/\/estado29.mx\/index.php?rest_route=%2Fwp%2Fv2%2Fcategories&post=97423"},{"taxonomy":"post_tag","embeddable":true,"href":"https:\/\/estado29.mx\/index.php?rest_route=%2Fwp%2Fv2%2Ftags&post=97423"}],"curies":[{"name":"wp","href":"https:\/\/api.w.org\/{rel}","templated":true}]}}